{"id":15481,"date":"2012-12-09T20:52:56","date_gmt":"2012-12-10T01:52:56","guid":{"rendered":"http:\/\/contraluzcucuta.co\/?p=15481"},"modified":"2012-12-09T22:48:26","modified_gmt":"2012-12-10T03:48:26","slug":"pedido-al-nino-dios","status":"publish","type":"post","link":"https:\/\/contraluzcucuta.co\/?p=15481","title":{"rendered":"Pedido al Ni\u00f1o Dios"},"content":{"rendered":"<p>1.- Acostumbrado &#8211; como muchos &#8211; a elaborar el pesebre conforme a las tradiciones\u00a0 y a congregar al mayor n\u00famero de personas, como por decenas de a\u00f1os lo intentamos e hicimos desde La Voz de la Gran Colombia, con participaci\u00f3n de\u00a0 mis hermanos, hijos\u00a0 y toda mi familia, m\u00e1s\u00a0 la presencia viva y en directo\u00a0 de inolvidables amigos de la radio, que hac\u00edan de los concursos que se programaron aut\u00e9nticas citas p\u00fablicas con la ciudad y la zona de frontera, por el reparto de premios, c\u00e1nticos aguinaldos, villancicos, rezos de la novena y anecd\u00f3ticos aportes en preguntas y respuestas, visitas del trasm\u00f3vil, arreglos de calles y recuentos informativos que por todos los barrios se efectuaban y en series que muchas veces llegaron al filo de la medianoche, as\u00ed fuera Navidad, como tantas veces lo cumplieron centenares de personas y, entre otros:\u00a0\u00a0 Enrique Hern\u00e1ndez\u00a0 C\u00e1rdenas, Jes\u00fas Alfonso Ram\u00edrez,\u00a0 Rafael Vel\u00e1zquez, Mauro Mej\u00eda Montoya, Francisco Uribe Z., \u00c1lvaro N\u00fa\u00f1ez, Jes\u00fas Argenis Carrillo, V\u00edctor M. Guerrero (Vitoco), Betty Anaya de Pe\u00f1a, Andr\u00e9s Ram\u00edrez, Camilo R\u00edos, Rafael Norberto Capacho, Rodolfo Ogliastri, Orlando Rodr\u00edguez, H\u00e9ctor Cifuentes, Jos\u00e9 Mar\u00eda L\u00f3pez, J.J. Pe\u00f1aranda, Rafael Consuegra, Gonzalo Vargas, Leonardo S\u00e9nior y todo el equipo period\u00edstico que estimulaban Cicer\u00f3n Fl\u00f3rez, Jos\u00e9 Arturo S\u00e1nchez, Gustavo Rojas P\u00e9rez, C\u00e9sar Duarte, Ernesto Linares, Jaime Calder\u00f3n y todos los que quer\u00edan aportar algo a estos encuentros de amistad, al recordarlos \u2013muchos \u00a0fallecidos &#8211;\u00a0 y observar la realidad existente, he sentido la necesidad de formular un especial pedido al Ni\u00f1o Dios, para esta Navidad.<\/p>\n<p>2.-Se\u00f1or, te pido por C\u00facuta y la regi\u00f3n fronteriza, por una especial, aglutinante y trasformadora gesti\u00f3n, que por su impacto y fortaleza genere un cambio, en procura de una mayor identidad y esp\u00edritu de pertenencia regional, dado que nuestro mayor problema, no es econ\u00f3mico, es humano, por la falta de uni\u00f3n y labor en equipo, ante el influjo de roscas y dirigentes electoreros, que siguen sin valorar y comprender que aqu\u00ed \u2013 s\u00ed, aqu\u00ed entre nosotros, hay mucho por hacer -, pero no por el atajo, el contrabando y la utilizaci\u00f3n de v\u00edas improvisadas,\u00a0 facilistas e inmediatistas, que solo conducen a la corrupci\u00f3n y a la violencia.<\/p>\n<p>Se\u00f1or, ay\u00fadanos, para que haya una gesti\u00f3n m\u00e1s trasparente en los manejos de los bienes p\u00fablicos y una actuaci\u00f3n investigativa imparcial y\u00a0 m\u00e1s activa de la prensa, radio y televisi\u00f3n, para que a nivel de manejo, orientaci\u00f3n y gu\u00eda, se ejerza la m\u00e1xima atenci\u00f3n y los proyectos sean sobre las prioridades y en procura de verdaderas pol\u00edticas de Estado, tanto de Colombia, como de Venezuela, porque la frontera, que es nudo articular del proceso de integraci\u00f3n y complementaci\u00f3n, no puede seguir marginada y abandonada, tal como se halla su poblaci\u00f3n y posibilidades en los actuales momentos.<\/p>\n<p>3.-Se\u00f1or, estimula e incentiva a quienes conducen la academia y las funciones docentes, para que haya mayor investigaci\u00f3n e innovaci\u00f3n universitaria en el campo de la ciencia y las necesidades regionales, porque aqu\u00ed hay opciones y con grandes perspectivas, pero para obtener\u00a0 esos giros y aprovechar esas visionarias oportunidades, necesitamos en los puestos de direcci\u00f3n y comando, una representaci\u00f3n directiva m\u00e1s\u00a0\u00a0 comprometida y h\u00e1bil en el manejo y conducci\u00f3n de los apremios y necesidades p\u00fablicas, tanto en lo oficial, como en lo privado y en lo gremial, profesional y laboral.<\/p>\n<p>Adem\u00e1s, Se\u00f1or, que quienes manejan los temas y prospectos de la paz \u2013que tanto requiere Colombia y el mundo \u2013 obren con integral honestidad y comprendiendo, que el momento nacional e internacional, es para pensar y obrar, en t\u00e9rminos de humanidad y cuando el mundo, exterioriza en la propia\u00a0 naturaleza, los errores que en casi todo, hemos cometido.<\/p>\n<p><strong>JOS\u00c9 NEIRA REY<\/strong><\/p>\n<p><a href=\"mailto:jneirarey@hotmail.com\">jneirarey@hotmail.com<\/a><\/p>\n<p>&nbsp;<\/p>\n<p>&nbsp; <\/p>\n","protected":false},"excerpt":{"rendered":"<p>1.- Acostumbrado &#8211; como muchos &#8211; a elaborar el pesebre conforme a las tradiciones\u00a0 y a congregar al mayor n\u00famero de personas, como por decenas de a\u00f1os lo intentamos e hicimos desde La Voz de la Gran Colombia, con participaci\u00f3n de\u00a0 mis hermanos, hijos\u00a0 y toda mi familia, m\u00e1s\u00a0 la presencia viva y en directo\u00a0 &hellip;<\/p>\n","protected":false},"author":1,"featured_media":15496,"comment_status":"open","ping_status":"open","sticky":false,"template":"","format":"standard","meta":{"footnotes":""},"categories":[14,4],"tags":[303,531],"class_list":["post-15481","post","type-post","status-publish","format-standard","has-post-thumbnail","hentry","category-articulistas","category-barra","tag-jose-neira-rey","tag-nino-dios"],"_links":{"self":[{"href":"https:\/\/contraluzcucuta.co\/index.php?rest_route=\/wp\/v2\/posts\/15481","targetHints":{"allow":["GET"]}}],"collection":[{"href":"https:\/\/contraluzcucuta.co\/index.php?rest_route=\/wp\/v2\/posts"}],"about":[{"href":"https:\/\/contraluzcucuta.co\/index.php?rest_route=\/wp\/v2\/types\/post"}],"author":[{"embeddable":true,"href":"https:\/\/contraluzcucuta.co\/index.php?rest_route=\/wp\/v2\/users\/1"}],"replies":[{"embeddable":true,"href":"https:\/\/contraluzcucuta.co\/index.php?rest_route=%2Fwp%2Fv2%2Fcomments&post=15481"}],"version-history":[{"count":3,"href":"https:\/\/contraluzcucuta.co\/index.php?rest_route=\/wp\/v2\/posts\/15481\/revisions"}],"predecessor-version":[{"id":15497,"href":"https:\/\/contraluzcucuta.co\/index.php?rest_route=\/wp\/v2\/posts\/15481\/revisions\/15497"}],"wp:featuredmedia":[{"embeddable":true,"href":"https:\/\/contraluzcucuta.co\/index.php?rest_route=\/wp\/v2\/media\/15496"}],"wp:attachment":[{"href":"https:\/\/contraluzcucuta.co\/index.php?rest_route=%2Fwp%2Fv2%2Fmedia&parent=15481"}],"wp:term":[{"taxonomy":"category","embeddable":true,"href":"https:\/\/contraluzcucuta.co\/index.php?rest_route=%2Fwp%2Fv2%2Fcategories&post=15481"},{"taxonomy":"post_tag","embeddable":true,"href":"https:\/\/contraluzcucuta.co\/index.php?rest_route=%2Fwp%2Fv2%2Ftags&post=15481"}],"curies":[{"name":"wp","href":"https:\/\/api.w.org\/{rel}","templated":true}]}}