{"id":15452,"date":"2012-12-07T21:18:40","date_gmt":"2012-12-08T02:18:40","guid":{"rendered":"http:\/\/contraluzcucuta.co\/?p=15452"},"modified":"2012-12-08T12:52:56","modified_gmt":"2012-12-08T17:52:56","slug":"tradicion-catolica-velitas-y-primeras-comuniones","status":"publish","type":"post","link":"https:\/\/contraluzcucuta.co\/?p=15452","title":{"rendered":"Tradici\u00f3n cat\u00f3lica. Velitas y primeras comuniones"},"content":{"rendered":"<p><strong>C\u00daCUTA.-<\/strong> La tradici\u00f3n cat\u00f3lica llama a las familias a reunirse, la noche del 7 de diciembre, para encender las velitas y compartir la oraci\u00f3n. Este a\u00f1o, las peticiones se elevaron por la paz en Colombia.<\/p>\n<p>La ceremonia marca el inicio del tiempo de Adviento y de preparaci\u00f3n para la Navidad. Las calles cucute\u00f1as se iluminaron con la llama flameante de las velas multicolores en medio del gozo de ni\u00f1os y adultos.<\/p>\n<p>La Di\u00f3cesis de C\u00facuta reparti\u00f3 la oraci\u00f3n para el ritual del encendido de las velitas. Inici\u00f3 el pap\u00e1, sigui\u00f3 la mam\u00e1 y luego los hijos, acompa\u00f1ada con una petici\u00f3n.<\/p>\n<p>Esta noche es la v\u00edspera de la solemnidad de la Inmaculada Concepci\u00f3n, fecha propicia para que ni\u00f1os y j\u00f3venes cumplan con el sacramento de la Comuni\u00f3n.<\/p>\n<p>Hoy, 8 de diciembre, centenares de peque\u00f1os vestir\u00e1n de blanco y lucir\u00e1n trajes para recibir a Jesucristo en la hostia. Las parroquias cucute\u00f1as abrir\u00e1n las puestas a la feligres\u00eda para participar en la eucarist\u00eda.<\/p>\n<p>Ayer, 300 ni\u00f1os de escasos recursos recibieron el sacramento \u00a0en la Catedral de San Jos\u00e9. El acto se cumpli\u00f3 con apoyo de personas y empresas.<\/p>\n<p>Fotos: MILDRED MOLINA<\/p>\n<p><a href=\"https:\/\/contraluzcucuta.co\/articulos\/tradicion-catolica-velitas-y-primeras-comuniones\/velas-2-2\/\" rel=\"attachment wp-att-15458\"><img loading=\"lazy\" decoding=\"async\" class=\"alignnone size-medium wp-image-15458\" title=\"VELAS - 2\" src=\"https:\/\/contraluzcucuta.co\/wp-content\/uploads\/2012\/12\/VELAS-21-225x300.jpg\" alt=\"\" width=\"225\" height=\"300\" srcset=\"https:\/\/contraluzcucuta.co\/wp-content\/uploads\/2012\/12\/VELAS-21-225x300.jpg 225w, https:\/\/contraluzcucuta.co\/wp-content\/uploads\/2012\/12\/VELAS-21-768x1024.jpg 768w\" sizes=\"auto, (max-width: 225px) 100vw, 225px\" \/><\/a>\u00a0 <a href=\"https:\/\/contraluzcucuta.co\/articulos\/tradicion-catolica-velitas-y-primeras-comuniones\/velas-4\/\" rel=\"attachment wp-att-15459\"><img loading=\"lazy\" decoding=\"async\" class=\"alignnone size-medium wp-image-15459\" title=\"VELAS - 4\" src=\"https:\/\/contraluzcucuta.co\/wp-content\/uploads\/2012\/12\/VELAS-4-300x225.jpg\" alt=\"\" width=\"300\" height=\"225\" srcset=\"https:\/\/contraluzcucuta.co\/wp-content\/uploads\/2012\/12\/VELAS-4-300x225.jpg 300w, https:\/\/contraluzcucuta.co\/wp-content\/uploads\/2012\/12\/VELAS-4-1024x768.jpg 1024w\" sizes=\"auto, (max-width: 300px) 100vw, 300px\" \/><\/a>\u00a0\u00a0<a href=\"https:\/\/contraluzcucuta.co\/articulos\/tradicion-catolica-velitas-y-primeras-comuniones\/velas-1-2\/\" rel=\"attachment wp-att-15460\"><img loading=\"lazy\" decoding=\"async\" class=\"alignnone size-medium wp-image-15460\" title=\"VELAS - 1\" src=\"https:\/\/contraluzcucuta.co\/wp-content\/uploads\/2012\/12\/VELAS-11-300x225.jpg\" alt=\"\" width=\"300\" height=\"225\" srcset=\"https:\/\/contraluzcucuta.co\/wp-content\/uploads\/2012\/12\/VELAS-11-300x225.jpg 300w, https:\/\/contraluzcucuta.co\/wp-content\/uploads\/2012\/12\/VELAS-11-1024x768.jpg 1024w\" sizes=\"auto, (max-width: 300px) 100vw, 300px\" \/><\/a><\/p>\n<p>&nbsp;<\/p>\n<p>&nbsp; <\/p>\n","protected":false},"excerpt":{"rendered":"<p>C\u00daCUTA.- La tradici\u00f3n cat\u00f3lica llama a las familias a reunirse, la noche del 7 de diciembre, para encender las velitas y compartir la oraci\u00f3n. Este a\u00f1o, las peticiones se elevaron por la paz en Colombia. La ceremonia marca el inicio del tiempo de Adviento y de preparaci\u00f3n para la Navidad. Las calles cucute\u00f1as se iluminaron &hellip;<\/p>\n","protected":false},"author":1,"featured_media":15461,"comment_status":"open","ping_status":"open","sticky":false,"template":"","format":"standard","meta":{"footnotes":""},"categories":[7,4],"tags":[528],"class_list":["post-15452","post","type-post","status-publish","format-standard","has-post-thumbnail","hentry","category-acontecimientos","category-barra","tag-noche-de-velitas"],"_links":{"self":[{"href":"https:\/\/contraluzcucuta.co\/index.php?rest_route=\/wp\/v2\/posts\/15452","targetHints":{"allow":["GET"]}}],"collection":[{"href":"https:\/\/contraluzcucuta.co\/index.php?rest_route=\/wp\/v2\/posts"}],"about":[{"href":"https:\/\/contraluzcucuta.co\/index.php?rest_route=\/wp\/v2\/types\/post"}],"author":[{"embeddable":true,"href":"https:\/\/contraluzcucuta.co\/index.php?rest_route=\/wp\/v2\/users\/1"}],"replies":[{"embeddable":true,"href":"https:\/\/contraluzcucuta.co\/index.php?rest_route=%2Fwp%2Fv2%2Fcomments&post=15452"}],"version-history":[{"count":3,"href":"https:\/\/contraluzcucuta.co\/index.php?rest_route=\/wp\/v2\/posts\/15452\/revisions"}],"predecessor-version":[{"id":15455,"href":"https:\/\/contraluzcucuta.co\/index.php?rest_route=\/wp\/v2\/posts\/15452\/revisions\/15455"}],"wp:featuredmedia":[{"embeddable":true,"href":"https:\/\/contraluzcucuta.co\/index.php?rest_route=\/wp\/v2\/media\/15461"}],"wp:attachment":[{"href":"https:\/\/contraluzcucuta.co\/index.php?rest_route=%2Fwp%2Fv2%2Fmedia&parent=15452"}],"wp:term":[{"taxonomy":"category","embeddable":true,"href":"https:\/\/contraluzcucuta.co\/index.php?rest_route=%2Fwp%2Fv2%2Fcategories&post=15452"},{"taxonomy":"post_tag","embeddable":true,"href":"https:\/\/contraluzcucuta.co\/index.php?rest_route=%2Fwp%2Fv2%2Ftags&post=15452"}],"curies":[{"name":"wp","href":"https:\/\/api.w.org\/{rel}","templated":true}]}}