{"id":15448,"date":"2012-12-07T19:00:02","date_gmt":"2012-12-08T00:00:02","guid":{"rendered":"http:\/\/contraluzcucuta.co\/?p=15448"},"modified":"2012-12-07T19:00:02","modified_gmt":"2012-12-08T00:00:02","slug":"cucuta-deportivo-a-90-minutos-de-permanecer-en-la-a","status":"publish","type":"post","link":"https:\/\/contraluzcucuta.co\/?p=15448","title":{"rendered":"C\u00facuta Deportivo, a 90 minutos de permanecer en la A"},"content":{"rendered":"<p><strong>C\u00daCUTA.-<\/strong> Antes de comenzar el partido en el estadio Pascual Guerrero, por las redes sociales circul\u00f3 un mensaje premonitorio de lo que ocurrir\u00eda esa tarde del 7 de diciembre. \u2018ABEEEEEEEEEEEEEEEEEERICA\u2019 bal\u00f3 la oveja de lana roja. Horas despu\u00e9s, se cumpli\u00f3 la mitad de lo pronosticado por ese autor an\u00f3nimo.<\/p>\n<p>Am\u00e9rica de Cali y C\u00facuta Deportivo jugaron los primeros 90 minutos de la serie que define cu\u00e1l equipo ocupar\u00e1 el puesto 18 en la primera A del f\u00fatbol profesional colombiano y cu\u00e1l llenar\u00e1 las casillas de la B. Los motilones dieron el primer golpe, contundente, y dejaron malheridos a los diablos vallunos.<\/p>\n<p>Bastaron\u00a0 cuatro minutos para que los visitantes rojinegros abrieran el marcador y comenzaran a darle la raz\u00f3n al mensaje trasmitido por Facebook.\u00a0 Uribe (4&#8242;), Bueno (48&#8242;), Lozano (55&#8242;) y Fl\u00f3rez (90&#8242;) se encargaron de prender la fiesta entre los cucute\u00f1os. El exmotil\u00f3n Rub\u00e9n Bustos descont\u00f3.<\/p>\n<p>El amistoso contra Colombia Sub 20 sirvi\u00f3 para que el t\u00e9cnico Sanguineti tomara una idea de la n\u00f3mina. Cuadr\u00f3 las l\u00edneas, junt\u00f3 a los jugadores y les orden\u00f3 salir a ganar. Desde el primer momento, C\u00facuta mostr\u00f3 las ansias de triunfo con las que lleg\u00f3 a la Sultana del Valle.<\/p>\n<p>Atr\u00e1s quedaron los malos recuerdos protagonizados por Oscar Quintabani, las derrotas en Yopal, los puntos perdidos en Pasto y el no estar dentro de los ocho preferidos del balompi\u00e9 nacional. En el pasado quedaron las tardes sin f\u00fatbol en el General Santander, el regreso a casa, los chismes y los diretes surgidos del camerino o inventados por aficionados y periodistas.<\/p>\n<p>C\u00facuta viaj\u00f3 a Cali en medio de la incertidumbre de la fanaticada. Ni los avezados positivistas daban un resultado de esta naturaleza. \u201cCuando mucho un empate nos traemos\u201d, se volvi\u00f3 en la frase que corri\u00f3 por la ciudad en la semana.<\/p>\n<p>Los pesimistas apostaban a la derrota por la m\u00ednima diferencia. \u201cCuando mucho perdemos 2 \u2013 0\u201d, fue el vaticinio de los negativos de profesi\u00f3n. Ni los unos ni los otros ganaron, triunf\u00f3 el pundonor que exhibieron los jugadores en la cancha y la fuerza a la distancia de los hinchas.<\/p>\n<p>Los h\u00e9roes de la jornada son todos. Desde el portero Estacio, pasando por la defensa, siguiendo con el medio campo (en las dos l\u00edneas) hasta llegar a los delanteros cumplieron la tarea. A la hora de defender se hizo bien, en el momento de organizar ideas se alcanz\u00f3 el objetivo y en el instante de anotar se logr\u00f3 lo propuesto.<\/p>\n<p>Los pasajeros del bus motil\u00f3n empujaron para el lado correcto y el resultado es la goleada (4 \u2013 1) propiciada al Am\u00e9rica, que parece condenado a vivir otro a\u00f1o en la segunda categor\u00eda. As\u00ed fue el comienzo del torneo, hasta que surgieron los problemas que ahora quieren olvidarse y enterrarlos como mala experiencia.<\/p>\n<p>La Noche de las Velitas en C\u00facuta sirvi\u00f3 para alumbrarles el camino a los rojinegros en pos de mantener la categor\u00eda A. Quedan 90 minutos, se jugar\u00e1n en el General Santander y, seguro, los cucute\u00f1os responder\u00e1n como en aquellas \u00e9pocas buenas de hace cinco a\u00f1os.<\/p>\n<p><strong>RAFAEL ANTONIO PAB\u00d3N<\/strong><\/p>\n<p><a href=\"mailto:rafaelpabon58@hotmail.com\">rafaelpabon58@hotmail.com<\/a><\/p>\n<p>Foto: Futbolred<\/p>\n<p>&nbsp; <\/p>\n","protected":false},"excerpt":{"rendered":"<p>C\u00daCUTA.- Antes de comenzar el partido en el estadio Pascual Guerrero, por las redes sociales circul\u00f3 un mensaje premonitorio de lo que ocurrir\u00eda esa tarde del 7 de diciembre. \u2018ABEEEEEEEEEEEEEEEEEERICA\u2019 bal\u00f3 la oveja de lana roja. Horas despu\u00e9s, se cumpli\u00f3 la mitad de lo pronosticado por ese autor an\u00f3nimo. Am\u00e9rica de Cali y C\u00facuta Deportivo &hellip;<\/p>\n","protected":false},"author":1,"featured_media":15449,"comment_status":"open","ping_status":"open","sticky":false,"template":"","format":"standard","meta":{"footnotes":""},"categories":[28],"tags":[192],"class_list":["post-15448","post","type-post","status-publish","format-standard","has-post-thumbnail","hentry","category-vistazo-deportivo","tag-cucuta-deportivo"],"_links":{"self":[{"href":"https:\/\/contraluzcucuta.co\/index.php?rest_route=\/wp\/v2\/posts\/15448","targetHints":{"allow":["GET"]}}],"collection":[{"href":"https:\/\/contraluzcucuta.co\/index.php?rest_route=\/wp\/v2\/posts"}],"about":[{"href":"https:\/\/contraluzcucuta.co\/index.php?rest_route=\/wp\/v2\/types\/post"}],"author":[{"embeddable":true,"href":"https:\/\/contraluzcucuta.co\/index.php?rest_route=\/wp\/v2\/users\/1"}],"replies":[{"embeddable":true,"href":"https:\/\/contraluzcucuta.co\/index.php?rest_route=%2Fwp%2Fv2%2Fcomments&post=15448"}],"version-history":[{"count":2,"href":"https:\/\/contraluzcucuta.co\/index.php?rest_route=\/wp\/v2\/posts\/15448\/revisions"}],"predecessor-version":[{"id":15451,"href":"https:\/\/contraluzcucuta.co\/index.php?rest_route=\/wp\/v2\/posts\/15448\/revisions\/15451"}],"wp:featuredmedia":[{"embeddable":true,"href":"https:\/\/contraluzcucuta.co\/index.php?rest_route=\/wp\/v2\/media\/15449"}],"wp:attachment":[{"href":"https:\/\/contraluzcucuta.co\/index.php?rest_route=%2Fwp%2Fv2%2Fmedia&parent=15448"}],"wp:term":[{"taxonomy":"category","embeddable":true,"href":"https:\/\/contraluzcucuta.co\/index.php?rest_route=%2Fwp%2Fv2%2Fcategories&post=15448"},{"taxonomy":"post_tag","embeddable":true,"href":"https:\/\/contraluzcucuta.co\/index.php?rest_route=%2Fwp%2Fv2%2Ftags&post=15448"}],"curies":[{"name":"wp","href":"https:\/\/api.w.org\/{rel}","templated":true}]}}