{"id":15433,"date":"2012-12-06T23:40:58","date_gmt":"2012-12-07T04:40:58","guid":{"rendered":"http:\/\/contraluzcucuta.co\/?p=15433"},"modified":"2012-12-06T23:40:58","modified_gmt":"2012-12-07T04:40:58","slug":"se-prendio-la-navidad-en-cucuta","status":"publish","type":"post","link":"https:\/\/contraluzcucuta.co\/?p=15433","title":{"rendered":"Se prendi\u00f3 la Navidad en C\u00facuta"},"content":{"rendered":"<p><strong>C\u00daCUTA.-<\/strong> En el parque Santander, El Malec\u00f3n y el Parque Playa Ronda del R\u00edo\u00a0 se prendieron, la noche del 6 de diciembre, las luces que marca el inicio de las fiestas decembrinas en C\u00facuta.<\/p>\n<p>Las luces multicolores dan resplandor a las figuras elaboradas para alegrar\u00a0 la temporada de fin de a\u00f1o en la capital de Norte de Santander. El \u00e1rbol gigante, s\u00edmbolo de la grandeza de la naturaleza; los animales, que representan la vida, y los adornos, que significan la creatividad humana, se conjugan para permitirles a los cucute\u00f1os el disfrute de la \u00e9poca.<\/p>\n<p>La Fuente Luminosa de la Diagonal Santander con Avenida Cero, el muro contiguo al Hotel Arizona, los puentes El\u00edas M. Soto, Francisco de Paula Andrade, Carlos Ram\u00edrez Par\u00eds y Eustorgio Colmenares; las glorietas Claret y Garc\u00eda-Herreros, la v\u00eda al aeropuerto, la Ciudadela la Libertad, la autopista Atalaya y los barrios La Victoria, Kennedy y Bel\u00e9n, entre otros puntos, hacen parte del programa de iluminaci\u00f3n navide\u00f1a.<\/p>\n<p>El alcalde Donamaris Ram\u00edrez encendi\u00f3 oficialmente el alumbrado navide\u00f1o en la ciudad.\u00a0 El acto se cumpli\u00f3 en el parque Santander, donde las figuras en movimiento representan un cuento infantil, en el que hadas, duendes y enanos armonizan con el nacimiento de Bel\u00e9n y los \u00e1rboles de Navidad.<\/p>\n<p>Despu\u00e9s de varios a\u00f1os la plaza central de C\u00facuta vuelve a ser centro de atracci\u00f3n. La tradici\u00f3n se releg\u00f3 para darles paso a las atracciones luminosas de El Malec\u00f3n. Este a\u00f1o, se les facilita a las familias hacer el recorrido por el sector comercial del centro, como en \u00e9pocas anteriores.<\/p>\n<p>La Secretar\u00eda de Cultura y Turismo Municipal present\u00f3 a las Ni\u00f1as de la Navidad, grupo de danza de la Corporaci\u00f3n Comurarte, quienes alternaron con el grupo musical Vida y Armon\u00eda, integrado por invidentes en formaci\u00f3n.<\/p>\n<p>En el Parque Playa Ronda del R\u00edo, en la Avenida del R\u00edo, frente a la urbanizaci\u00f3n Niza, se activaron los interruptores para encender otra atracci\u00f3n luminosa y que se integra con las instaladas en diversos puntos de la ciudad.<\/p>\n<p>&nbsp; <\/p>\n","protected":false},"excerpt":{"rendered":"<p>C\u00daCUTA.- En el parque Santander, El Malec\u00f3n y el Parque Playa Ronda del R\u00edo\u00a0 se prendieron, la noche del 6 de diciembre, las luces que marca el inicio de las fiestas decembrinas en C\u00facuta. Las luces multicolores dan resplandor a las figuras elaboradas para alegrar\u00a0 la temporada de fin de a\u00f1o en la capital de &hellip;<\/p>\n","protected":false},"author":1,"featured_media":15438,"comment_status":"open","ping_status":"open","sticky":false,"template":"","format":"standard","meta":{"footnotes":""},"categories":[10,4],"tags":[526],"class_list":["post-15433","post","type-post","status-publish","format-standard","has-post-thumbnail","hentry","category-cronicas","category-barra","tag-navidad-2012"],"_links":{"self":[{"href":"https:\/\/contraluzcucuta.co\/index.php?rest_route=\/wp\/v2\/posts\/15433","targetHints":{"allow":["GET"]}}],"collection":[{"href":"https:\/\/contraluzcucuta.co\/index.php?rest_route=\/wp\/v2\/posts"}],"about":[{"href":"https:\/\/contraluzcucuta.co\/index.php?rest_route=\/wp\/v2\/types\/post"}],"author":[{"embeddable":true,"href":"https:\/\/contraluzcucuta.co\/index.php?rest_route=\/wp\/v2\/users\/1"}],"replies":[{"embeddable":true,"href":"https:\/\/contraluzcucuta.co\/index.php?rest_route=%2Fwp%2Fv2%2Fcomments&post=15433"}],"version-history":[{"count":1,"href":"https:\/\/contraluzcucuta.co\/index.php?rest_route=\/wp\/v2\/posts\/15433\/revisions"}],"predecessor-version":[{"id":15439,"href":"https:\/\/contraluzcucuta.co\/index.php?rest_route=\/wp\/v2\/posts\/15433\/revisions\/15439"}],"wp:featuredmedia":[{"embeddable":true,"href":"https:\/\/contraluzcucuta.co\/index.php?rest_route=\/wp\/v2\/media\/15438"}],"wp:attachment":[{"href":"https:\/\/contraluzcucuta.co\/index.php?rest_route=%2Fwp%2Fv2%2Fmedia&parent=15433"}],"wp:term":[{"taxonomy":"category","embeddable":true,"href":"https:\/\/contraluzcucuta.co\/index.php?rest_route=%2Fwp%2Fv2%2Fcategories&post=15433"},{"taxonomy":"post_tag","embeddable":true,"href":"https:\/\/contraluzcucuta.co\/index.php?rest_route=%2Fwp%2Fv2%2Ftags&post=15433"}],"curies":[{"name":"wp","href":"https:\/\/api.w.org\/{rel}","templated":true}]}}