{"id":15432,"date":"2012-12-06T23:39:07","date_gmt":"2012-12-07T04:39:07","guid":{"rendered":"http:\/\/contraluzcucuta.co\/?p=15432"},"modified":"2012-12-06T23:39:19","modified_gmt":"2012-12-07T04:39:19","slug":"exposicion-micro-empresarial-de-adultos-mayores","status":"publish","type":"post","link":"https:\/\/contraluzcucuta.co\/?p=15432","title":{"rendered":"Exposici\u00f3n micro-empresarial de adultos mayores"},"content":{"rendered":"<p><strong>C\u00daCUTA.-<\/strong> M\u00e1s de 20 asociaciones que aglutinan a los adultos mayores de C\u00facuta participar\u00e1n en la \u2018Exposici\u00f3n micro empresarial del adulto mayor\u2019, el 13 de diciembre, a las 10:00 de la ma\u00f1ana, en Unicentro.<\/p>\n<p>El Departamento Administrativo de Bienestar Social del Municipio, en convenio con la Fundaci\u00f3n Promover Desarrollo Social y Humanitario, iniciaron, en noviembre, el proyecto que consta de cuatro fases:<\/p>\n<p>1.- Capacitaci\u00f3n. Los adultos mayores recibieron charlas de emprendimiento, competitividad, liderazgo y presentaci\u00f3n de productos.<\/p>\n<p>2.- Identificaci\u00f3n. Se establecieron las asociaciones productivas.<\/p>\n<p>3.- Clasificaci\u00f3n. Se escogieron los mejores productos, entre actividades manuales y artesanales.<\/p>\n<p>4.- Exposici\u00f3n. Los adultos mayores tendr\u00e1n un espacio c\u00f3modo, amplio y llamativo, para exponer los productos.<\/p>\n<p>El objetivo es demostrar que la edad no es impedimento para ser empresarios potenciales, dijo el director del Departamento Administrativo de Bienestar Social, Jorge Acevedo Pe\u00f1aloza.<\/p>\n<p>Desde la Alcald\u00eda se curs\u00f3 invitaci\u00f3n a los cucute\u00f1os a asistir a la exposici\u00f3n y brindarles apoyo a los abuelos, motiv\u00e1ndolos a que sigan siendo emprendedores y se sientan \u00fatiles en la sociedad.<\/p>\n<p>&nbsp; <\/p>\n","protected":false},"excerpt":{"rendered":"<p>C\u00daCUTA.- M\u00e1s de 20 asociaciones que aglutinan a los adultos mayores de C\u00facuta participar\u00e1n en la \u2018Exposici\u00f3n micro empresarial del adulto mayor\u2019, el 13 de diciembre, a las 10:00 de la ma\u00f1ana, en Unicentro. El Departamento Administrativo de Bienestar Social del Municipio, en convenio con la Fundaci\u00f3n Promover Desarrollo Social y Humanitario, iniciaron, en noviembre, &hellip;<\/p>\n","protected":false},"author":1,"featured_media":15434,"comment_status":"open","ping_status":"open","sticky":false,"template":"","format":"standard","meta":{"footnotes":""},"categories":[45],"tags":[],"class_list":["post-15432","post","type-post","status-publish","format-standard","has-post-thumbnail","hentry","category-destacado"],"_links":{"self":[{"href":"https:\/\/contraluzcucuta.co\/index.php?rest_route=\/wp\/v2\/posts\/15432","targetHints":{"allow":["GET"]}}],"collection":[{"href":"https:\/\/contraluzcucuta.co\/index.php?rest_route=\/wp\/v2\/posts"}],"about":[{"href":"https:\/\/contraluzcucuta.co\/index.php?rest_route=\/wp\/v2\/types\/post"}],"author":[{"embeddable":true,"href":"https:\/\/contraluzcucuta.co\/index.php?rest_route=\/wp\/v2\/users\/1"}],"replies":[{"embeddable":true,"href":"https:\/\/contraluzcucuta.co\/index.php?rest_route=%2Fwp%2Fv2%2Fcomments&post=15432"}],"version-history":[{"count":3,"href":"https:\/\/contraluzcucuta.co\/index.php?rest_route=\/wp\/v2\/posts\/15432\/revisions"}],"predecessor-version":[{"id":15437,"href":"https:\/\/contraluzcucuta.co\/index.php?rest_route=\/wp\/v2\/posts\/15432\/revisions\/15437"}],"wp:featuredmedia":[{"embeddable":true,"href":"https:\/\/contraluzcucuta.co\/index.php?rest_route=\/wp\/v2\/media\/15434"}],"wp:attachment":[{"href":"https:\/\/contraluzcucuta.co\/index.php?rest_route=%2Fwp%2Fv2%2Fmedia&parent=15432"}],"wp:term":[{"taxonomy":"category","embeddable":true,"href":"https:\/\/contraluzcucuta.co\/index.php?rest_route=%2Fwp%2Fv2%2Fcategories&post=15432"},{"taxonomy":"post_tag","embeddable":true,"href":"https:\/\/contraluzcucuta.co\/index.php?rest_route=%2Fwp%2Fv2%2Ftags&post=15432"}],"curies":[{"name":"wp","href":"https:\/\/api.w.org\/{rel}","templated":true}]}}