{"id":15419,"date":"2012-12-06T00:05:43","date_gmt":"2012-12-06T05:05:43","guid":{"rendered":"http:\/\/contraluzcucuta.co\/?p=15419"},"modified":"2012-12-09T20:55:01","modified_gmt":"2012-12-10T01:55:01","slug":"jorge-el-peluquero-hacedor-de-pesebres","status":"publish","type":"post","link":"https:\/\/contraluzcucuta.co\/?p=15419","title":{"rendered":"Jorge, el peluquero hacedor de pesebres"},"content":{"rendered":"<p><strong>C\u00daCUTA.-<\/strong> La inclinaci\u00f3n por las artesan\u00edas le naci\u00f3 a Jorge desde ni\u00f1o. Hoy, convertido en hombre, desarroll\u00f3 las ideas y les dio vida a los pensamientos, apoyado en el internet. El viaje por la imaginaci\u00f3n comenz\u00f3 en febrero. En diciembre lleg\u00f3 al punto m\u00e1ximo y, seguro, seguir\u00e1 de largo.<\/p>\n<p>Frente a la casa materna, este estilista de profesi\u00f3n, instal\u00f3 el taller. Contact\u00f3 firmas de renombre, conform\u00f3 la empresa que lo representa, compr\u00f3 los elementos que requiere para trabajar, busc\u00f3 otros en la naturaleza y adapt\u00f3 el espacio para tener libertad en el momento de crear.<\/p>\n<p>Ingresar al lugar no es dif\u00edcil sino de cuidado. En el piso est\u00e1 el mar, por donde navegan tres embarcaciones de vela. Acompa\u00f1an el recorrido peque\u00f1as canos cargadas con alimentos. Al frente y a los costados hay figuras de cart\u00f3n, madera y otros materiales que recita con precisi\u00f3n.<\/p>\n<p>La cocina qued\u00f3 convertida en la segunda sala del taller. El mes\u00f3n y el lavaplatos perdieron la esencia. Est\u00e1n adaptados para que reposen casas, \u00e1rboles, hombres y mujeres a pie, ni\u00f1os en camello, ovejas en desorden y dem\u00e1s animales con direcci\u00f3n a la pared.<\/p>\n<p>Los cuartos siguientes sirven de bodega. Ah\u00ed, en el perfecto desorden que solo Jorge entiende, hay recortes, cajas grandes, empaques, m\u00e1s animales, pedazos peque\u00f1itos de madera, m\u00e1s figuras.<\/p>\n<p>La inversi\u00f3n est\u00e1 a la vista y la recuperaci\u00f3n se avizora con tranquilidad. Al due\u00f1o pareciera no importarle el dinero gastado. Pag\u00f3 de contado lo que le exigieron y lo dem\u00e1s lo puso a cuotas. Es el sentido de la econom\u00eda y de los negocios.<\/p>\n<p>Meses atr\u00e1s, Jorge decidi\u00f3 que combinar\u00eda el oficio que le ha valido de remoquete en el barrio, peluquero, con las manualidades. A fin de cuentas cortar cabello, ponerle tintura, borrar canas, esconder a\u00f1os y satisfacer a la clientela, tambi\u00e9n requiere de habilidades manuales.<\/p>\n<p>De su condici\u00f3n de cat\u00f3lico pensante y actuante tom\u00f3 la inquietud por conocer desde el principio la vida de Jes\u00fas. Ley\u00f3 en internet cuanto texto apareci\u00f3 con ese r\u00f3tulo y aprendi\u00f3 la lecci\u00f3n. Y como en las escrituras, al principio vio que lo que hac\u00eda era bueno y sigui\u00f3 adelante. Pas\u00f3 un mes, luego otro y despu\u00e9s otro, hasta completar el a\u00f1o.<\/p>\n<p>Primero, elabor\u00f3 palmeras, no cocotales. Despu\u00e9s, pas\u00f3 a concretar los sue\u00f1os. De nuevo el vistazo a los autores y la comprobaci\u00f3n con otros libros para no aprender con errorcillos. La formaci\u00f3n lo madur\u00f3 en octubre, cuando decidi\u00f3 que comenzar\u00eda \u2018La Vitrina\u2019. De la que debe desprenderse dentro de poco, porque un cliente se la compr\u00f3.<\/p>\n<p><a href=\"https:\/\/contraluzcucuta.co\/articulos\/jorge-el-peluquero-hacedor-de-pesebres\/_mg_5644\/\" rel=\"attachment wp-att-15424\"><img loading=\"lazy\" decoding=\"async\" class=\"alignnone size-thumbnail wp-image-15424\" title=\"_MG_5644\" src=\"https:\/\/contraluzcucuta.co\/wp-content\/uploads\/2012\/12\/MG_5644-150x150.jpg\" alt=\"\" width=\"150\" height=\"150\" \/><\/a>\u00a0\u00a0 <a href=\"https:\/\/contraluzcucuta.co\/articulos\/jorge-el-peluquero-hacedor-de-pesebres\/_mg_5689\/\" rel=\"attachment wp-att-15425\"><img loading=\"lazy\" decoding=\"async\" class=\"alignnone size-thumbnail wp-image-15425\" title=\"_MG_5689\" src=\"https:\/\/contraluzcucuta.co\/wp-content\/uploads\/2012\/12\/MG_5689-150x150.jpg\" alt=\"\" width=\"150\" height=\"150\" \/><\/a>\u00a0\u00a0 <a href=\"https:\/\/contraluzcucuta.co\/articulos\/jorge-el-peluquero-hacedor-de-pesebres\/_mg_5658\/\" rel=\"attachment wp-att-15426\"><img loading=\"lazy\" decoding=\"async\" class=\"alignnone size-thumbnail wp-image-15426\" title=\"_MG_5658\" src=\"https:\/\/contraluzcucuta.co\/wp-content\/uploads\/2012\/12\/MG_5658-150x150.jpg\" alt=\"\" width=\"150\" height=\"150\" \/><\/a><\/p>\n<p>\u2018La Vitrina\u2019 es el pesebre enorme, con millares de figuras, que llena la sala de la vivienda m\u00e1s el garaje. Y lo llena de satisfacci\u00f3n por haberlo concluido. Las figuras van desde una jarra diminuta hasta las pir\u00e1mides de Egipto. La leyenda comienza antes del nacimiento de Jes\u00fas y el recorrido contempla cada paso significativo en la vida del Ni\u00f1o Dios, hasta el inicio de la Pasi\u00f3n.<\/p>\n<p>Los pastores, los mercaderes, los vendedores, las vasijas, la plaza de mercado, los oficios de la \u00e9poca est\u00e1n representados en este pesebre que sirve de paseo por la historia. El narrador se emociona y capta la atenci\u00f3n de los visitantes. La idea es convencerlos de la importancia y del significado de la obra.<\/p>\n<p>No hay situaci\u00f3n olvidada. La anunciaci\u00f3n es la primera escena. De ah\u00ed en adelante se reviven los textos b\u00edblicos. La huida de la Sagrada Familia hacia Bel\u00e9n, el regreso para escapar de la orden de Herodes, la carpinter\u00eda, los soldados al servicio del r\u00e9gimen romano, el palacio de Cleopatra y la cascada que baja desde la c\u00faspide de Jerusal\u00e9n.<\/p>\n<p>Desarmarlo y entregarlo al comprador es, quiz\u00e1s, un ejercicio f\u00e1cil para Jorge. La dificultad est\u00e1 en desprenderse de esa obra que le servir\u00e1 como exhibidor para mostrar el talento y buscar nuevos clientes para los pesebres que pueden valer desde $ 7000 hasta $ 5,0 millones.<\/p>\n<p>En la tienda de la esquina, el propietario luce sobre la nevera el pesebre personalizado que Jorge arm\u00f3 y le regal\u00f3. Las hijas, los hijos, la laboriosidad de la familia y el due\u00f1o de casa sentado, tranquilo, mientras recoge los frutos del esfuerzo de muchos a\u00f1os.<\/p>\n<p>Otro trabajo en el que Jorge se ha comprometido es el armado del pesebre de la casa. Est\u00e1 a medias. La madre le sugiri\u00f3 montarlo a partir del 15 de diciembre, la sobrina le pidi\u00f3 que lo hiciera ahora. A una de las dos acatar\u00e1. Por ahora, la preocupaci\u00f3n est\u00e1 en la entrega de \u2018La Vitrina\u2019, que es un encargo para adornar en diciembre cualquiera de las casas cucute\u00f1as.<\/p>\n<p><strong>RAFAEL ANTONIO PAB\u00d3N<\/strong><\/p>\n<p><a href=\"mailto:rafaelpabon58@hotmail.com\">rafaelpabon58@hotmail.com<\/a><\/p>\n<p><a href=\"https:\/\/contraluzcucuta.co\/articulos\/jorge-el-peluquero-hacedor-de-pesebres\/_mg_5686\/\" rel=\"attachment wp-att-15427\"><img loading=\"lazy\" decoding=\"async\" class=\"alignnone size-thumbnail wp-image-15427\" title=\"_MG_5686\" src=\"https:\/\/contraluzcucuta.co\/wp-content\/uploads\/2012\/12\/MG_5686-150x150.jpg\" alt=\"\" width=\"150\" height=\"150\" \/><\/a>\u00a0\u00a0 <a href=\"https:\/\/contraluzcucuta.co\/articulos\/jorge-el-peluquero-hacedor-de-pesebres\/_mg_5625\/\" rel=\"attachment wp-att-15428\"><img loading=\"lazy\" decoding=\"async\" class=\"alignnone size-thumbnail wp-image-15428\" title=\"_MG_5625\" src=\"https:\/\/contraluzcucuta.co\/wp-content\/uploads\/2012\/12\/MG_5625-150x150.jpg\" alt=\"\" width=\"150\" height=\"150\" \/><\/a>\u00a0\u00a0\u00a0 <a href=\"https:\/\/contraluzcucuta.co\/articulos\/jorge-el-peluquero-hacedor-de-pesebres\/_mg_5628\/\" rel=\"attachment wp-att-15429\"><img loading=\"lazy\" decoding=\"async\" class=\"alignnone size-thumbnail wp-image-15429\" title=\"_MG_5628\" src=\"https:\/\/contraluzcucuta.co\/wp-content\/uploads\/2012\/12\/MG_5628-150x150.jpg\" alt=\"\" width=\"150\" height=\"150\" \/><\/a> <\/p>\n","protected":false},"excerpt":{"rendered":"<p>C\u00daCUTA.- La inclinaci\u00f3n por las artesan\u00edas le naci\u00f3 a Jorge desde ni\u00f1o. Hoy, convertido en hombre, desarroll\u00f3 las ideas y les dio vida a los pensamientos, apoyado en el internet. El viaje por la imaginaci\u00f3n comenz\u00f3 en febrero. En diciembre lleg\u00f3 al punto m\u00e1ximo y, seguro, seguir\u00e1 de largo. Frente a la casa materna, este &hellip;<\/p>\n","protected":false},"author":1,"featured_media":15420,"comment_status":"open","ping_status":"open","sticky":false,"template":"","format":"standard","meta":{"footnotes":""},"categories":[17,45],"tags":[],"class_list":["post-15419","post","type-post","status-publish","format-standard","has-post-thumbnail","hentry","category-conversaciones-a-contraluz","category-destacado"],"_links":{"self":[{"href":"https:\/\/contraluzcucuta.co\/index.php?rest_route=\/wp\/v2\/posts\/15419","targetHints":{"allow":["GET"]}}],"collection":[{"href":"https:\/\/contraluzcucuta.co\/index.php?rest_route=\/wp\/v2\/posts"}],"about":[{"href":"https:\/\/contraluzcucuta.co\/index.php?rest_route=\/wp\/v2\/types\/post"}],"author":[{"embeddable":true,"href":"https:\/\/contraluzcucuta.co\/index.php?rest_route=\/wp\/v2\/users\/1"}],"replies":[{"embeddable":true,"href":"https:\/\/contraluzcucuta.co\/index.php?rest_route=%2Fwp%2Fv2%2Fcomments&post=15419"}],"version-history":[{"count":6,"href":"https:\/\/contraluzcucuta.co\/index.php?rest_route=\/wp\/v2\/posts\/15419\/revisions"}],"predecessor-version":[{"id":15423,"href":"https:\/\/contraluzcucuta.co\/index.php?rest_route=\/wp\/v2\/posts\/15419\/revisions\/15423"}],"wp:featuredmedia":[{"embeddable":true,"href":"https:\/\/contraluzcucuta.co\/index.php?rest_route=\/wp\/v2\/media\/15420"}],"wp:attachment":[{"href":"https:\/\/contraluzcucuta.co\/index.php?rest_route=%2Fwp%2Fv2%2Fmedia&parent=15419"}],"wp:term":[{"taxonomy":"category","embeddable":true,"href":"https:\/\/contraluzcucuta.co\/index.php?rest_route=%2Fwp%2Fv2%2Fcategories&post=15419"},{"taxonomy":"post_tag","embeddable":true,"href":"https:\/\/contraluzcucuta.co\/index.php?rest_route=%2Fwp%2Fv2%2Ftags&post=15419"}],"curies":[{"name":"wp","href":"https:\/\/api.w.org\/{rel}","templated":true}]}}