{"id":14820,"date":"2012-11-09T09:25:09","date_gmt":"2012-11-09T14:25:09","guid":{"rendered":"http:\/\/contraluzcucuta.co\/?p=14820"},"modified":"2012-11-09T09:25:09","modified_gmt":"2012-11-09T14:25:09","slug":"efemerides-cucutenas-noviembre","status":"publish","type":"post","link":"https:\/\/contraluzcucuta.co\/?p=14820","title":{"rendered":"Efem\u00e9rides Cucute\u00f1as: Noviembre"},"content":{"rendered":"<div style=\"text-align: center;\"><strong><a href=\"https:\/\/contraluzcucuta.co\/articulos\/efemerides-cucutenas-noviembre\/carnavales-de-cucuta_decada-del-20\/\" rel=\"attachment wp-att-14821\"><img loading=\"lazy\" decoding=\"async\" class=\"alignnone size-medium wp-image-14821\" title=\"Carnavales de Cucuta\" src=\"https:\/\/contraluzcucuta.co\/wp-content\/uploads\/2012\/11\/Carnavales-de-Cucuta_Decada-del-20-300x181.jpg\" alt=\"\" width=\"300\" height=\"181\" srcset=\"https:\/\/contraluzcucuta.co\/wp-content\/uploads\/2012\/11\/Carnavales-de-Cucuta_Decada-del-20-300x181.jpg 300w, https:\/\/contraluzcucuta.co\/wp-content\/uploads\/2012\/11\/Carnavales-de-Cucuta_Decada-del-20.jpg 497w\" sizes=\"auto, (max-width: 300px) 100vw, 300px\" \/><\/a><br \/>\n<\/strong><\/div>\n<ol>\n<li style=\"text-align: justify;\"><strong>A.\u00a0\u00a0 <\/strong><strong>Efem\u00e9rides<\/strong><\/li>\n<\/ol>\n<p style=\"text-align: justify;\"><strong>Hace 70 a\u00f1os:<\/strong> Noviembre de <strong>1942<\/strong>&#8230;<\/p>\n<ol style=\"text-align: justify;\">\n<li><strong>A.\u00a0\u00a0 <\/strong><strong>6 de noviembre: <\/strong>Jos\u00e9 Gregorio Acevedo asumi\u00f3 la direcci\u00f3n del peri\u00f3dico \u2018La Tarde\u2019.<\/li>\n<li><strong>B.\u00a0\u00a0 <\/strong><strong>7 de noviembre: <\/strong>La C\u00e1mara de Representantes aprob\u00f3 el proyecto de ley presentado por Efra\u00edn V\u00e1squez en el que la naci\u00f3n cooperar\u00e1 en el establecimiento de una f\u00e1brica de cemento en el departamento.<\/li>\n<li><strong>C.\u00a0\u00a0 <\/strong><strong>14 de noviembre: <\/strong>La Resoluci\u00f3n 692 del 4 de noviembre estableci\u00f3 que se abriera una oficina en C\u00facuta para la compra de Ajonjol\u00ed.<\/li>\n<li><strong>D.\u00a0\u00a0 <\/strong><strong>27 de noviembre:<\/strong> Despu\u00e9s de obtener el t\u00edtulo de bachiller en el colegio Mar\u00eda Auxiliadora de la capital de la rep\u00fablica, Laurita Villalobos regres\u00f3 a la ciudad.<\/li>\n<\/ol>\n<p style=\"text-align: justify;\">\n<p style=\"text-align: justify;\"><strong>Hace 60 a\u00f1os:<\/strong> Noviembre de <strong>1952<\/strong>\u2026<\/p>\n<ol style=\"text-align: justify;\">\n<li><strong>A.\u00a0\u00a0 <\/strong><strong>8 de noviembre: <\/strong>La C\u00e1mara de Comercio de C\u00facuta se oposo a la venta del lote de la destruida Casa de Mercado Central.<\/li>\n<li><strong>B.\u00a0\u00a0 <\/strong><strong>12 de noviembre: <\/strong>Rodrigo Pe\u00f1aranda Y\u00e1\u00f1ez asumi\u00f3 la gerencia de las Empresas Municipales de C\u00facuta.<\/li>\n<li><strong>C.\u00a0\u00a0 <\/strong><strong>15 de noviembre: <\/strong>La Colpet y la Sagot decidieron cerrar el campamento de Petr\u00f3lea y trasladarlo a Tib\u00fa. En Petr\u00f3lea s\u00f3lo qued\u00f3 la refiner\u00eda.<\/li>\n<\/ol>\n<p style=\"text-align: justify;\"><strong>\u00a0<\/strong><\/p>\n<p style=\"text-align: justify;\"><strong>Hace 50 a\u00f1os:<\/strong> Noviembre de <strong>1962<\/strong>&#8230;<\/p>\n<ol style=\"text-align: justify;\">\n<li><strong>A.\u00a0\u00a0 <\/strong><strong>13 de noviembre: <\/strong>Con un desfile por las principales calles de la ciudad se dio inicio a la \u2018Semana de la Cedulaci\u00f3n\u2019.<\/li>\n<li><strong>B.\u00a0\u00a0 <\/strong><strong>14 de noviembre: <\/strong>El alcalde orden\u00f3 retirar a los serenateros que habitualmente se hac\u00edan en los andenes de la avenida 4\u00aa, entre calles 9 y 10, frente a los bares \u2018La Ruana\u2019 y \u2018Serenata\u2019.<\/li>\n<li><strong>C.\u00a0\u00a0 <\/strong><strong>22 de noviembre: <\/strong>Por medio de la Resoluci\u00f3n 316 del 20 de noviembre, el alcalde de C\u00facuta V\u00edctor J. Chaustre fij\u00f3 como \u00fanico sitio para la venta de p\u00f3lvora, la zona comprendida en la avenida 0, entre las calles 10 y 11.<\/li>\n<li><strong>D.\u00a0\u00a0 <\/strong><strong>26 y 28 de noviembre:<\/strong> La Opini\u00f3n no circul\u00f3 por da\u00f1os en los talleres.<\/li>\n<\/ol>\n<p style=\"text-align: justify;\">\n<p style=\"text-align: justify;\"><strong>Hace 40 a\u00f1os:<\/strong> Noviembre de <strong>1972<\/strong>\u2026<\/p>\n<ol style=\"text-align: justify;\">\n<li><strong>A.\u00a0\u00a0 <\/strong><strong>1 de noviembre: <\/strong>El gobierno municipal propuso la creaci\u00f3n de la \u2018Casa del Gam\u00edn\u2019.<\/li>\n<li><strong>B.\u00a0\u00a0 <\/strong><strong>11 de noviembre: <\/strong>Despu\u00e9s que las Empresas P\u00fablicas Municipales instalaran\u00a0 una tuber\u00eda de 16\u201d fue reabierto el paso por el puente \u2018El\u00edas M. Soto\u2019.<\/li>\n<li><strong>C.\u00a0\u00a0 <\/strong><strong>14 de noviembre: <\/strong>Como un aporte del Club de Leones a la ciudad en el centenario de la reconstrucci\u00f3n, se inici\u00f3 la construcci\u00f3n de la \u2018Galer\u00eda de los Benefactores\u2019 en el espacio comprendido entre las glorietas del terminal y del aeropuerto. Santos Felipe Matamoros fue el autor del proyecto.<\/li>\n<li><strong>D.\u00a0\u00a0 <\/strong><strong>18 de noviembre:<\/strong> Inaugurado el Puesto de Polic\u00eda del barrio Guaimaral.<\/li>\n<\/ol>\n<p style=\"text-align: justify;\"><strong>\u00a0<\/strong><\/p>\n<p style=\"text-align: justify;\"><strong>Hace 30 a\u00f1os:<\/strong> Noviembre de <strong>1982<\/strong>\u2026<\/p>\n<ol style=\"text-align: justify;\">\n<li><strong>A.\u00a0\u00a0 <\/strong><strong>9 de noviembre: <\/strong>El I.C.B.F. inaugur\u00f3 el Jard\u00edn Infantil \u2018Caperucita\u2019 en el barrio La Libertad.<\/li>\n<li><strong>B.\u00a0\u00a0 <\/strong><strong>6 de noviembre:<\/strong> Fue inaugurado el Parque cementerio \u2018Jardines de la Esperanza\u2019.<\/li>\n<li><strong>C.\u00a0\u00a0 <\/strong><strong>11 de noviembre: <\/strong>Los elefantes del circo \u2018Rolex\u2019 que por esa \u00e9poca visitaba la ciudad, ofrecieron un espect\u00e1culo p\u00fablico \u2018gratis\u2019 al ba\u00f1arlos en las aguas del r\u00edo Pamplonita muy cerca al puente El\u00edas M. Soto.\u00a0 <strong>\u00a0<\/strong><\/li>\n<li><strong>D.\u00a0\u00a0 <\/strong><strong>13 de noviembre:<\/strong> Fue inaugurado el almac\u00e9n \u2018Chicos y Chicas\u2019.<\/li>\n<li><strong>E.\u00a0\u00a0\u00a0 <\/strong><strong>17 de noviembre:<\/strong> La Asamblea departamental aprob\u00f3 el proyecto de Ordenanza que cre\u00f3 el \u00c1rea Metropolitana de C\u00facuta.<\/li>\n<li><strong>F.\u00a0\u00a0\u00a0 <\/strong><strong>26 de noviembre:<\/strong> La Loter\u00eda de C\u00facuta inaugur\u00f3 un reloj digital \u2018gigante\u2019 en la intersecci\u00f3n de la Diagonal Santander con avenida Gran Colombia. Informaba la hora y el resultado del \u00faltimo premio mayor.<\/li>\n<\/ol>\n<p style=\"text-align: justify;\">\n<p style=\"text-align: justify;\"><strong>Hace 20 a\u00f1os:<\/strong> Noviembre de <strong>1992<\/strong>\u2026<\/p>\n<ol style=\"text-align: justify;\">\n<li><strong>A.\u00a0\u00a0 <\/strong><strong>2 de noviembre: <\/strong>Un a\u00f1o de actividades cumpli\u00f3 la Asociaci\u00f3n de Escritores de N. de S.<strong> <\/strong><\/li>\n<li><strong>B.\u00a0\u00a0 <\/strong><strong>6 de noviembre: <\/strong>Fabiola Zuluaga se titul\u00f3 campeona de la Copa American Air Lines, categor\u00eda 14 a\u00f1os, realizado en Cali.<\/li>\n<li><strong>C.\u00a0\u00a0 <\/strong><strong>7 de noviembre: <\/strong>Gerardo Antonio Manrique Robayo, alumno del Sena en esta ciudad, gan\u00f3 el Premio a la excelencia en una exposici\u00f3n en Brasil.\u00a0\u00a0 <strong><\/strong><\/li>\n<li><strong>D.\u00a0\u00a0 <\/strong><strong>7 de noviembre:<\/strong> Fue inaugurado el Centro Comercial Europa, en la esquina de la calle 13 con avenida 6\u00aa.\u00a0 <strong><\/strong><\/li>\n<li><strong>E.\u00a0\u00a0\u00a0 <\/strong><strong>7 de noviembre: <\/strong>Decretado el estado de conmoci\u00f3n en el pa\u00eds. Dos \u2018bombas\u2019 en entidades bancarias estallaron en la ciudad.<\/li>\n<li><strong>F.\u00a0\u00a0\u00a0 <\/strong><strong>12 de noviembre: <\/strong>El barrio Magdalena cumpli\u00f3 50 a\u00f1os<strong> <\/strong><\/li>\n<li><strong>G.\u00a0\u00a0 <\/strong><strong>20 de noviembre:<\/strong> Aprobada la cesaci\u00f3n de los efectos civiles de todos los matrimonios. Mario Uribe y Rodrigo Villalta fueron los ponentes.<\/li>\n<\/ol>\n<p style=\"text-align: justify;\">\n<p style=\"text-align: justify;\"><strong>Hace 10 a\u00f1os:<\/strong> Noviembre de <strong>2002<\/strong>\u2026<\/p>\n<ol style=\"text-align: justify;\">\n<li><strong>A.\u00a0\u00a0 <\/strong><strong>6 de noviembre: <\/strong>Seg\u00fan el dane, el costo de vida en la ciudad fue del 0,49%..<\/li>\n<li><strong>B.\u00a0\u00a0 <\/strong><strong>10 de noviembre: <\/strong>El alcalde Manuel Guillermo Mora afirm\u00f3 que: \u2018La Modelo se convertir\u00e1 en un moderno centro Comercial\u2019.<\/li>\n<li><strong>C.\u00a0\u00a0 <\/strong><strong>12 de noviembre: <\/strong>Fue inaugurada la restauraci\u00f3n de la antigua capilla del Hospital en la esquina de la calle 13 con avenida 2\u00aa.<\/li>\n<li><strong>D.\u00a0\u00a0 <\/strong><strong>13 de noviembre:<\/strong> La yudoka cucute\u00f1a Liseth Johana Orozco gan\u00f3 medalla de bronce en el Panamericano de mayores que se realiz\u00f3 en Rep\u00fablica Dominicana.<\/li>\n<li><strong>E.\u00a0\u00a0\u00a0 <\/strong><strong>15 de noviembre:<\/strong> Fue inaugurado el Frigor\u00edfico del Norte (Frigonorte), en la v\u00eda de acceso al corregimiento de Cornejo (San Cayetano). Cost\u00f3 $10.000 millones.<\/li>\n<li><strong>F.\u00a0\u00a0\u00a0 <\/strong><strong>8 de noviembre:<\/strong> Fue inaugurado el Centro Comercial Plaza de Los Andes.<\/li>\n<li><strong>G.\u00a0\u00a0 <\/strong><strong>20 de noviembre.<\/strong> Atentado contra La Opini\u00f3n. 30 kilos de amonio fueron dejados en la madrugada del 19, al frente de la casa editorial. La carga fue desactivada. <strong><\/strong><\/li>\n<li><strong>H.\u00a0\u00a0 <\/strong><strong>30 de noviembre. <\/strong>Un a\u00f1o de servicio cumpli\u00f3 Norlacteos.<strong>\u00a0\u00a0\u00a0\u00a0\u00a0 <\/strong><\/li>\n<\/ol>\n<p style=\"text-align: justify;\">\n<p style=\"text-align: justify;\">\n<p style=\"text-align: justify;\"><strong>OTRAS EFEM\u00c9RIDES: <\/strong><\/p>\n<p style=\"text-align: justify;\"><strong>Hace 278 a\u00f1os: Noviembre 13 de 1734. <\/strong>El arzobispo de Santa Fe,<strong> <\/strong>Antonio Claudio \u00c1lvarez de Qui\u00f1ones erigi\u00f3 la Parroquia de San Jos\u00e9 del Guasimal.<strong> <\/strong><\/p>\n<p style=\"text-align: justify;\"><strong>\u00a0<\/strong><\/p>\n<p style=\"text-align: justify;\"><strong>Hace 104 a\u00f1os: Noviembre 7 de 1908. <\/strong>El padre Jord\u00e1n coloc\u00f3 una cruz de madera en un cerro al sur de la ciudad. Ese fue el inicio del monumento a Cristo Rey.<\/p>\n<p style=\"text-align: justify;\"><strong>\u00a0<\/strong><\/p>\n<p style=\"text-align: justify;\"><strong>Hace 97 a\u00f1os: Noviembre 19 de 1915. <\/strong>Naci\u00f3 oficialmente la C\u00e1mara de Comercio de C\u00facuta.<\/p>\n<p style=\"text-align: justify;\"><strong>\u00a0<\/strong><\/p>\n<p style=\"text-align: justify;\"><strong>Hace 73 a\u00f1os: Noviembre 13 de 1939. <\/strong>El sacerdote cucute\u00f1o Luis P\u00e9rez Hern\u00e1ndez fue nombrado Obispo de Barranquilla.<strong> <\/strong><\/p>\n<p style=\"text-align: justify;\">\n<p style=\"text-align: justify;\"><strong>Hace 59 a\u00f1os. Noviembre 24\u00a0 de 1953. <\/strong>Procedentes de Madrid, llegaron los Padres Escolapios.<\/p>\n<p style=\"text-align: justify;\">\n<p style=\"text-align: justify;\"><strong>Hace 29 a\u00f1os.<\/strong> <strong>Noviembre 24 de 1983.<\/strong> Postob\u00f3n lanz\u00f3 la gaseosa diet\u00e9tica.<\/p>\n<p style=\"text-align: justify;\"><strong>\u00a0<\/strong><\/p>\n<ol style=\"text-align: justify;\">\n<li><strong>A.\u00a0\u00a0\u00a0\u00a0\u00a0\u00a0\u00a0\u00a0\u00a0\u00a0 <\/strong><strong>Natalicios<\/strong><\/li>\n<\/ol>\n<p style=\"text-align: justify;\"><strong>Noviembre 7 de 1851.<\/strong> Teresa Brice\u00f1o de Andresen Moller<\/p>\n<p style=\"text-align: justify;\"><strong>Noviembre 29 de 1853.<\/strong> General Jos\u00e9 Agust\u00edn Berti<\/p>\n<p style=\"text-align: justify;\"><strong>Noviembre 13 de 1872.<\/strong> Francisco \u2018Pacho\u2019 Valencia. (poeta)<\/p>\n<p style=\"text-align: justify;\"><strong>Noviembre 9 de 1888.<\/strong> Carlos Luis J\u00e1come<\/p>\n<p style=\"text-align: justify;\"><strong>Noviembre 9 de 1896.<\/strong> Teodoro Guti\u00e9rrez Calder\u00f3n<\/p>\n<p style=\"text-align: justify;\"><strong>Noviembre 16 de 1896.<\/strong> Olinto Marcucci Ram\u00edrez (escultor del monumento a La Libertad en el parque Col\u00f3n)<\/p>\n<p style=\"text-align: justify;\"><strong>Noviembre 24 de 1840.<\/strong> Francisco de Paula Andrade Troconis<\/p>\n<p style=\"text-align: justify;\"><strong>Noviembre 2 de 1914.<\/strong> Argelino Dur\u00e1n Quintero<\/p>\n<p style=\"text-align: justify;\">\n<ol style=\"text-align: justify;\">\n<li><strong>B.\u00a0\u00a0\u00a0\u00a0\u00a0\u00a0\u00a0\u00a0\u00a0\u00a0 <\/strong><strong>Fallecimientos<\/strong><\/li>\n<\/ol>\n<p style=\"text-align: justify;\"><strong>Noviembre 2 de 1902.<\/strong> General Pedro Le\u00f3n Canal<\/p>\n<p style=\"text-align: justify;\"><strong>Noviembre 10 de 1944.<\/strong> Emilio Ferrero Troconis<\/p>\n<p style=\"text-align: justify;\"><strong>Noviembre 26 de 1951.<\/strong> Fausto P\u00e9rez Mogoll\u00f3n (m\u00fasico)<\/p>\n<p style=\"text-align: justify;\"><strong>Noviembre 8 de 1987.<\/strong> Antonio Garc\u00eda-Herreros<\/p>\n<p style=\"text-align: justify;\"><strong>Noviembre 24 de 1992.<\/strong> Pbro. Rafael Garc\u00eda-Herreros<\/p>\n<p style=\"text-align: justify;\"><strong>Noviembre 18 de 1991.<\/strong> Gustavo Ararat Negr\u00f3n<\/p>\n","protected":false},"excerpt":{"rendered":"<p>A.\u00a0\u00a0 Efem\u00e9rides Hace 70 a\u00f1os: Noviembre de 1942&#8230; A.\u00a0\u00a0 6 de noviembre: Jos\u00e9 Gregorio Acevedo asumi\u00f3 la direcci\u00f3n del peri\u00f3dico \u2018La Tarde\u2019. B.\u00a0\u00a0 7 de noviembre: La C\u00e1mara de Representantes aprob\u00f3 el proyecto de ley presentado por Efra\u00edn V\u00e1squez en el que la naci\u00f3n cooperar\u00e1 en el establecimiento de una f\u00e1brica de cemento en el &hellip;<\/p>\n","protected":false},"author":1,"featured_media":14821,"comment_status":"open","ping_status":"open","sticky":false,"template":"","format":"standard","meta":{"footnotes":""},"categories":[403],"tags":[],"class_list":["post-14820","post","type-post","status-publish","format-standard","has-post-thumbnail","hentry","category-efemerides"],"_links":{"self":[{"href":"https:\/\/contraluzcucuta.co\/index.php?rest_route=\/wp\/v2\/posts\/14820","targetHints":{"allow":["GET"]}}],"collection":[{"href":"https:\/\/contraluzcucuta.co\/index.php?rest_route=\/wp\/v2\/posts"}],"about":[{"href":"https:\/\/contraluzcucuta.co\/index.php?rest_route=\/wp\/v2\/types\/post"}],"author":[{"embeddable":true,"href":"https:\/\/contraluzcucuta.co\/index.php?rest_route=\/wp\/v2\/users\/1"}],"replies":[{"embeddable":true,"href":"https:\/\/contraluzcucuta.co\/index.php?rest_route=%2Fwp%2Fv2%2Fcomments&post=14820"}],"version-history":[{"count":2,"href":"https:\/\/contraluzcucuta.co\/index.php?rest_route=\/wp\/v2\/posts\/14820\/revisions"}],"predecessor-version":[{"id":14823,"href":"https:\/\/contraluzcucuta.co\/index.php?rest_route=\/wp\/v2\/posts\/14820\/revisions\/14823"}],"wp:featuredmedia":[{"embeddable":true,"href":"https:\/\/contraluzcucuta.co\/index.php?rest_route=\/wp\/v2\/media\/14821"}],"wp:attachment":[{"href":"https:\/\/contraluzcucuta.co\/index.php?rest_route=%2Fwp%2Fv2%2Fmedia&parent=14820"}],"wp:term":[{"taxonomy":"category","embeddable":true,"href":"https:\/\/contraluzcucuta.co\/index.php?rest_route=%2Fwp%2Fv2%2Fcategories&post=14820"},{"taxonomy":"post_tag","embeddable":true,"href":"https:\/\/contraluzcucuta.co\/index.php?rest_route=%2Fwp%2Fv2%2Ftags&post=14820"}],"curies":[{"name":"wp","href":"https:\/\/api.w.org\/{rel}","templated":true}]}}