{"id":14708,"date":"2012-11-03T23:52:20","date_gmt":"2012-11-04T04:52:20","guid":{"rendered":"http:\/\/contraluzcucuta.co\/?p=14708"},"modified":"2012-11-03T23:53:36","modified_gmt":"2012-11-04T04:53:36","slug":"hagamos-parte-del-equipo-de-los-nacionales","status":"publish","type":"post","link":"https:\/\/contraluzcucuta.co\/?p=14708","title":{"rendered":"Hagamos parte del equipo de los Nacionales"},"content":{"rendered":"<p>Hace varios a\u00f1os Acord Colombia es parte del llamado \u2018Equipo Ol\u00edmpico Colombiano\u2019, que respalda y apoya el modelo exitoso que lleva m\u00e1s de una d\u00e9cada engrandeciendo el deporte nacional.<\/p>\n<p>Tiempo durante el cual nuestros asociados, como jefes de prensa de las delegaciones que recorren el mundo, se dan a la tarea, sin ahorrar esfuerzos, de resaltar la meritoria labor de los atletas del desarrollo del deporte colombiano.<\/p>\n<p>Tuvimos el privilegio de conocer de cerca sus triunfos, sus alegr\u00edas y decepciones, su esfuerzo, dedicaci\u00f3n y constancia.<\/p>\n<p>Acord Colombia estuvo en los eventos del ciclo ol\u00edmpico: Juegos Centroamericanos y del Caribe, Bolivarianos, Suramericanos y Panamericanos, acompa\u00f1ando un proceso bien planificado por parte del Comit\u00e9 Ol\u00edmpico Colombiano y que se refleja en los excelentes resultados deportivos del pa\u00eds.<\/p>\n<p>Acord Colombia sigue siendo parte de esta din\u00e1mica de nuestro deporte, ahora con los XIX Juegos Deportivos Nacionales y III Paranacionales \u2018Carlos Lleras Restrepo\u2019 2012.<\/p>\n<p>Coldeportes demostr\u00f3 una vez m\u00e1s la confianza que tiene en Acord Colombia, y mediante un convenio le cedi\u00f3 el privilegio para hacer un completo cubrimiento de las justas m\u00e1s importantes del pa\u00eds.<\/p>\n<p>Este nuevo reto le permite a Acord Colombia escribir otro importante cap\u00edtulo en su historia, porque cerca de 40 de nuestros asociados trabajar\u00e1n de una manera remunerada durante los juegos.<\/p>\n<p>El compromiso de Acord Colombia es tener un socio en cada escenario de las tres sedes, Cauca, Norte de Santander y C\u00f3rdoba, y en las subsedes de Cali y Bogot\u00e1.<\/p>\n<p>La labor de informar est\u00e1 a cargo de cada una de las regionales, en este caso Cauca, Norte de Santander, C\u00f3rdoba y Valle.<\/p>\n<p>Hay un coordinador regional en las sedes principales quien ser\u00e1 el encargado de canalizar la informaci\u00f3n generada por los agremiados en los diferentes escenarios.<\/p>\n<p>Como coordinador general est\u00e1 Edilson Ballesteros en compa\u00f1\u00eda de Julio C\u00e9sar Sandoval y Jairo Giraldo.<\/p>\n<p>Los XIX Juegos Deportivos Nacionales y III Paranacionales \u2018Carlos Lleras Restrepo\u2019 2012, ser\u00e1n una nueva oportunidad para ratificar el progreso deportivo de los \u00faltimos a\u00f1os y en los que cada delegaci\u00f3n estar\u00e1 con atletas bien preparados, y con el deseo de subir al podio, y de nuevo Acord Colombia ser\u00e1 parte de este garantizado \u00e9xito.<\/p>\n<p>La invitaci\u00f3n es para que unamos nuestra fuerza, compromiso y responsabilidad con Acord Colombia y hagamos parte del equipo de Juegos Nacionales, retrasmitiendo la informaci\u00f3n que genere de estas justas por cada de uno de los medios de comunicaci\u00f3n en los que laboramos.<\/p>\n<p>&nbsp; <\/p>\n","protected":false},"excerpt":{"rendered":"<p>Hace varios a\u00f1os Acord Colombia es parte del llamado \u2018Equipo Ol\u00edmpico Colombiano\u2019, que respalda y apoya el modelo exitoso que lleva m\u00e1s de una d\u00e9cada engrandeciendo el deporte nacional. Tiempo durante el cual nuestros asociados, como jefes de prensa de las delegaciones que recorren el mundo, se dan a la tarea, sin ahorrar esfuerzos, de &hellip;<\/p>\n","protected":false},"author":1,"featured_media":14709,"comment_status":"open","ping_status":"open","sticky":false,"template":"","format":"standard","meta":{"footnotes":""},"categories":[45],"tags":[],"class_list":["post-14708","post","type-post","status-publish","format-standard","has-post-thumbnail","hentry","category-destacado"],"_links":{"self":[{"href":"https:\/\/contraluzcucuta.co\/index.php?rest_route=\/wp\/v2\/posts\/14708","targetHints":{"allow":["GET"]}}],"collection":[{"href":"https:\/\/contraluzcucuta.co\/index.php?rest_route=\/wp\/v2\/posts"}],"about":[{"href":"https:\/\/contraluzcucuta.co\/index.php?rest_route=\/wp\/v2\/types\/post"}],"author":[{"embeddable":true,"href":"https:\/\/contraluzcucuta.co\/index.php?rest_route=\/wp\/v2\/users\/1"}],"replies":[{"embeddable":true,"href":"https:\/\/contraluzcucuta.co\/index.php?rest_route=%2Fwp%2Fv2%2Fcomments&post=14708"}],"version-history":[{"count":4,"href":"https:\/\/contraluzcucuta.co\/index.php?rest_route=\/wp\/v2\/posts\/14708\/revisions"}],"predecessor-version":[{"id":14712,"href":"https:\/\/contraluzcucuta.co\/index.php?rest_route=\/wp\/v2\/posts\/14708\/revisions\/14712"}],"wp:featuredmedia":[{"embeddable":true,"href":"https:\/\/contraluzcucuta.co\/index.php?rest_route=\/wp\/v2\/media\/14709"}],"wp:attachment":[{"href":"https:\/\/contraluzcucuta.co\/index.php?rest_route=%2Fwp%2Fv2%2Fmedia&parent=14708"}],"wp:term":[{"taxonomy":"category","embeddable":true,"href":"https:\/\/contraluzcucuta.co\/index.php?rest_route=%2Fwp%2Fv2%2Fcategories&post=14708"},{"taxonomy":"post_tag","embeddable":true,"href":"https:\/\/contraluzcucuta.co\/index.php?rest_route=%2Fwp%2Fv2%2Ftags&post=14708"}],"curies":[{"name":"wp","href":"https:\/\/api.w.org\/{rel}","templated":true}]}}