{"id":14692,"date":"2012-11-03T23:41:34","date_gmt":"2012-11-04T04:41:34","guid":{"rendered":"http:\/\/contraluzcucuta.co\/?p=14692"},"modified":"2012-11-03T23:41:44","modified_gmt":"2012-11-04T04:41:44","slug":"en-que-estamos-y-hacia-donde-vamos","status":"publish","type":"post","link":"https:\/\/contraluzcucuta.co\/?p=14692","title":{"rendered":"\u00bfEn qu\u00e9 estamos? y \u00bfHacia d\u00f3nde vamos?"},"content":{"rendered":"<p>1.- La vivencia regional y fronteriza es tan grave, delicada y compleja que cuando se penetra en la esencia de esa realidad se hallan los m\u00e1s impresionantes registros de un largo abandono, como consecuencia del exagerado individualismo, facilismo e inmediatismo, que por falta de asociaci\u00f3n, labor en equipo y ausencia de an\u00e1lisis en opciones y alternativas se incrustaron en el diario acontecer de las actitudes y \u00a0las conductas que fueron tomando cuerpo y avasallaron al conjunto social y directivo hasta llegar a lo que existe.<\/p>\n<p>Prueba de lo anterior son las p\u00e9rdidas y los extrav\u00edos en el aprovechamiento de la ubicaci\u00f3n geopol\u00edtica, para conformar un conglomerado socio econ\u00f3mico de caracter\u00edsticas y condiciones especiales e impulsor de grandes acciones. Y, todo, por dejar a la l\u00ednea de menor trabajo y aprovechando atajos a las ocasiones y oportunidades que se iban descubriendo. Eso, m\u00e1s la no investigaci\u00f3n en los centros de estudio y de decisi\u00f3n, m\u00e1s la espera de que todo llega a su debido tiempo, pero sin esfuerzo, ni evaluaci\u00f3n de factores productivos, competitivos y amenazas correlativas, que trajeron como consecuencia la no irrupci\u00f3n de un liderazgo motor y positivo, sino la presencia de una representatividad pol\u00edtica sin prop\u00f3sitos, ni compromisos, que llena espacios, pero no mueve, ni construye un mejor futuro, es la tarea, que necesita examen, confrontaci\u00f3n de posibilidades y la convocatoria compartida y resuelta hacia una realidad con mejores utilidades y aprovechamientos, junto a la b\u00fasqueda y hallazgo de un porvenir, con m\u00e1s arraigo y m\u00e1s metas en desarrollo, si queremos subsistir y no ser superados por otras \u00e1reas y regiones.<\/p>\n<p>2.-La descoordinaci\u00f3n de y entre poblaci\u00f3n, academia, empresa y Estado es tan manifiesta, que sin temor puede afirmarse que hay desconexi\u00f3n y que es urgente, la necesidad de hallar entendimientos y acuerdos para que la informaci\u00f3n y los planes, programas y proyectos, verdaderamente alimenten y lleguen al conjunto. Y, por ese errado actuar, no acorde con lo m\u00e1s elemental, como es el conocer nuestra estructura y lo que puede hacerse y lo que no se debe, ni siquiera intentarse, es el origen de tantas propuestas fallidas y que desintegran la unidad regional, que debe implementarse y fortalecerla.<\/p>\n<p>Y, cuando esa sociedad -as\u00ed actuante &#8211; est\u00e1 ligada a otra similar por v\u00ednculos fuertes, por su inmediata presencia y vecindad, como es el caso que da origen a la mancomunada sociedad fronteriza, el enfoque debe tener en cuenta esa correlaci\u00f3n y evaluar lo que significan y representan los elementos que se coaligan e interrelacionan para precisar lo que es y da vigencia a esos entendimientos y complementaciones. Y cuando se investigan normas, reglamentaciones y disposiciones regulatorias de esos intercambios y se captan los vac\u00edos existentes y la necesidad de nuevos y mejores impulsores, para que progresen esas comunidades, ubicadas en esas fajas territoriales s\u00edmbolos de integraci\u00f3n y de historia, el panorama hace surgir la obligaci\u00f3n de llegar hasta los m\u00e1s altos niveles, en procura de aut\u00e9nticas y ejemplarizantes pol\u00edticas de Estado.<\/p>\n<p>3.-Y, eso, en medio de muchas vicisitudes e incomprensiones exige la coparticipaci\u00f3n de todos, en medio de mucha prudencia, paciencia y perseverancia en la motivaci\u00f3n, porque el reto y el compromiso para que se logren los objetivos de trasformaci\u00f3n y cambio deben comprometer, sin excepciones, a todo el conjunto socio econ\u00f3mico y pol\u00edtico y, tambi\u00e9n, sin excusas, a Colombia y Venezuela. S\u00ed, en esto estamos y para ir hasta donde queremos y debemos llegar.<\/p>\n<p><strong>JOS\u00c9 NEIRA REY<\/strong><\/p>\n<p><a href=\"mailto:jneirarey@hotmail.com\">jneirarey@hotmail.com<\/a><\/p>\n<p>&nbsp; <\/p>\n","protected":false},"excerpt":{"rendered":"<p>1.- La vivencia regional y fronteriza es tan grave, delicada y compleja que cuando se penetra en la esencia de esa realidad se hallan los m\u00e1s impresionantes registros de un largo abandono, como consecuencia del exagerado individualismo, facilismo e inmediatismo, que por falta de asociaci\u00f3n, labor en equipo y ausencia de an\u00e1lisis en opciones y &hellip;<\/p>\n","protected":false},"author":1,"featured_media":14693,"comment_status":"open","ping_status":"open","sticky":false,"template":"","format":"standard","meta":{"footnotes":""},"categories":[14,4],"tags":[],"class_list":["post-14692","post","type-post","status-publish","format-standard","has-post-thumbnail","hentry","category-articulistas","category-barra"],"_links":{"self":[{"href":"https:\/\/contraluzcucuta.co\/index.php?rest_route=\/wp\/v2\/posts\/14692","targetHints":{"allow":["GET"]}}],"collection":[{"href":"https:\/\/contraluzcucuta.co\/index.php?rest_route=\/wp\/v2\/posts"}],"about":[{"href":"https:\/\/contraluzcucuta.co\/index.php?rest_route=\/wp\/v2\/types\/post"}],"author":[{"embeddable":true,"href":"https:\/\/contraluzcucuta.co\/index.php?rest_route=\/wp\/v2\/users\/1"}],"replies":[{"embeddable":true,"href":"https:\/\/contraluzcucuta.co\/index.php?rest_route=%2Fwp%2Fv2%2Fcomments&post=14692"}],"version-history":[{"count":3,"href":"https:\/\/contraluzcucuta.co\/index.php?rest_route=\/wp\/v2\/posts\/14692\/revisions"}],"predecessor-version":[{"id":14696,"href":"https:\/\/contraluzcucuta.co\/index.php?rest_route=\/wp\/v2\/posts\/14692\/revisions\/14696"}],"wp:featuredmedia":[{"embeddable":true,"href":"https:\/\/contraluzcucuta.co\/index.php?rest_route=\/wp\/v2\/media\/14693"}],"wp:attachment":[{"href":"https:\/\/contraluzcucuta.co\/index.php?rest_route=%2Fwp%2Fv2%2Fmedia&parent=14692"}],"wp:term":[{"taxonomy":"category","embeddable":true,"href":"https:\/\/contraluzcucuta.co\/index.php?rest_route=%2Fwp%2Fv2%2Fcategories&post=14692"},{"taxonomy":"post_tag","embeddable":true,"href":"https:\/\/contraluzcucuta.co\/index.php?rest_route=%2Fwp%2Fv2%2Ftags&post=14692"}],"curies":[{"name":"wp","href":"https:\/\/api.w.org\/{rel}","templated":true}]}}