{"id":14687,"date":"2012-11-02T20:45:14","date_gmt":"2012-11-03T01:45:14","guid":{"rendered":"http:\/\/contraluzcucuta.co\/?p=14687"},"modified":"2012-11-02T20:45:26","modified_gmt":"2012-11-03T01:45:26","slug":"cultura-nortesantandereana-en-la-inauguracion-de-los-nacionales","status":"publish","type":"post","link":"https:\/\/contraluzcucuta.co\/?p=14687","title":{"rendered":"Cultura nortesantandereana en la inauguraci\u00f3n de los Nacionales"},"content":{"rendered":"<p>Pasajes culturales de Norte de Santander se ver\u00e1n en la noche del 3 de noviembre, en la inauguraci\u00f3n de los XIX Juegos Deportivos Nacionales 2012. E espect\u00e1culo musical y art\u00edstico ser\u00e1 una exaltaci\u00f3n a la integraci\u00f3n nacional, a la vida y a la cultura.<\/p>\n<p>El acto se cumplir\u00e1, a las 7:00 de la noche, en el nuevo estadio de f\u00fatbol de Monter\u00eda. Se ha proyectado un espect\u00e1culo pleno de vitalidad, para que en cada momento se sienta el\u00a0 palpitar del hombre cordob\u00e9s y se viva una sinfon\u00eda de la espiritualidad nacional representada en la juventud que ama el deporte y busca la gloria en la sana competencia.<\/p>\n<p>\u201cEs mi deseo que todas las manifestaciones culturales congregadas en el acto inaugural, lleguen a un cl\u00edmax de\u00a0 exaltaci\u00f3n de nuestra nacionalidad y de nuestras razas. Que no solo los artistas y core\u00f3grafos, vivan el espect\u00e1culo, sino, que todos y cada uno de los asistentes, incluido el se\u00f1or presidente Juan Manuel Santos, participe y viva de manera integral nuestra invocaci\u00f3n a la vida y la paz\u201d, indic\u00f3 Francisco Zumaqu\u00e9 Nova.<\/p>\n<p>El acto estar\u00e1 pleno de vitalidad musical con un crescendo permanente en el que cada instrumento, cada voz, cada palma, cada alma, cada cuerpo, se sumar\u00e1n\u00a0 viviendo una p\u00e1gina de\u00a0 apoteosis deportiva y cultural, resumida en una simbiosis donde todos seremos campeones de la alegr\u00eda, la vida y la paz.<\/p>\n<p>\u00a0 (Prensa Juegos Nacionales Gobernaci\u00f3n C\u00f3rdoba)<\/p>\n<p>&nbsp; <\/p>\n","protected":false},"excerpt":{"rendered":"<p>Pasajes culturales de Norte de Santander se ver\u00e1n en la noche del 3 de noviembre, en la inauguraci\u00f3n de los XIX Juegos Deportivos Nacionales 2012. E espect\u00e1culo musical y art\u00edstico ser\u00e1 una exaltaci\u00f3n a la integraci\u00f3n nacional, a la vida y a la cultura. El acto se cumplir\u00e1, a las 7:00 de la noche, en &hellip;<\/p>\n","protected":false},"author":1,"featured_media":14688,"comment_status":"open","ping_status":"open","sticky":false,"template":"","format":"standard","meta":{"footnotes":""},"categories":[4,37],"tags":[],"class_list":["post-14687","post","type-post","status-publish","format-standard","has-post-thumbnail","hentry","category-barra","category-paseo-cultural"],"_links":{"self":[{"href":"https:\/\/contraluzcucuta.co\/index.php?rest_route=\/wp\/v2\/posts\/14687","targetHints":{"allow":["GET"]}}],"collection":[{"href":"https:\/\/contraluzcucuta.co\/index.php?rest_route=\/wp\/v2\/posts"}],"about":[{"href":"https:\/\/contraluzcucuta.co\/index.php?rest_route=\/wp\/v2\/types\/post"}],"author":[{"embeddable":true,"href":"https:\/\/contraluzcucuta.co\/index.php?rest_route=\/wp\/v2\/users\/1"}],"replies":[{"embeddable":true,"href":"https:\/\/contraluzcucuta.co\/index.php?rest_route=%2Fwp%2Fv2%2Fcomments&post=14687"}],"version-history":[{"count":3,"href":"https:\/\/contraluzcucuta.co\/index.php?rest_route=\/wp\/v2\/posts\/14687\/revisions"}],"predecessor-version":[{"id":14691,"href":"https:\/\/contraluzcucuta.co\/index.php?rest_route=\/wp\/v2\/posts\/14687\/revisions\/14691"}],"wp:featuredmedia":[{"embeddable":true,"href":"https:\/\/contraluzcucuta.co\/index.php?rest_route=\/wp\/v2\/media\/14688"}],"wp:attachment":[{"href":"https:\/\/contraluzcucuta.co\/index.php?rest_route=%2Fwp%2Fv2%2Fmedia&parent=14687"}],"wp:term":[{"taxonomy":"category","embeddable":true,"href":"https:\/\/contraluzcucuta.co\/index.php?rest_route=%2Fwp%2Fv2%2Fcategories&post=14687"},{"taxonomy":"post_tag","embeddable":true,"href":"https:\/\/contraluzcucuta.co\/index.php?rest_route=%2Fwp%2Fv2%2Ftags&post=14687"}],"curies":[{"name":"wp","href":"https:\/\/api.w.org\/{rel}","templated":true}]}}