{"id":14567,"date":"2012-10-29T23:03:57","date_gmt":"2012-10-30T04:03:57","guid":{"rendered":"http:\/\/contraluzcucuta.co\/?p=14567"},"modified":"2012-10-30T20:20:47","modified_gmt":"2012-10-31T01:20:47","slug":"gramaloteros-no-duermen-tranquilos","status":"publish","type":"post","link":"https:\/\/contraluzcucuta.co\/?p=14567","title":{"rendered":"Gramaloteros no duermen tranquilos"},"content":{"rendered":"<p><strong>C\u00daCUTA.-<\/strong> Cuando el Presidente Santos dijo \u201csi hay algo que me desvela es Gramalote\u201d, y, seg\u00fan sus palabras, la directora del Fondo de Adaptaci\u00f3n de ese entonces Cecilia \u00c1lvarez, le advirti\u00f3 que pod\u00eda dormir tranquilo, como si se tratara de una frase ir\u00f3nica que no entendi\u00f3, al poco tiempo se les dio la noticia a los gramaloteros que el pueblo no ser\u00eda construido en el sitio donde \u00a0se les hab\u00eda dicho y que lo hecho por la Ministra de Medio Ambiente, Vivienda y Desarrollo, por Servivienda y por Ingeominas quedaba en el limbo y se iniciar\u00edan de nuevo los estudios.<\/p>\n<p>Las l\u00e1grimas de felicidad, vertidas ese 25 de septiembre de 2011 en el teatro Zulima cuando fueron informados por la Ministra de que una vez concluidos los estudios se hab\u00eda tomado la resoluci\u00f3n de construir Gramalote en el sitio Pomarroso, se han convertido en l\u00e1grimas de amargura, desconcierto e indignaci\u00f3n. Desde ese entonces la expresi\u00f3n dormir tranquilos cambi\u00f3 de significado entre los damnificados y las promesas y las frases halagadoras son motivo de desconfianza.<\/p>\n<p>Hoy, resuenan en los o\u00eddos las palabras del primer mandatario pronunciadas en diferentes oportunidades: \u201cVamos a reconstruir a Gramalote. Va a ser el mejor pueblo de Colombia\u201d. \u201cCr\u00e9anme que Gramalote va a quedar mejor que antes\u201d. \u201cPueden estar tranquilos, \u00a0porque el Gobierno va a estar pendiente de lo que est\u00e1 aqu\u00ed sucediendo\u201d. \u201cVamos a escoger a Gramalote como ejemplo de lo que vamos a hacer con este pa\u00eds, despu\u00e9s de esta tragedia\u201d.<\/p>\n<p>Despu\u00e9s de esa noticia, el Fondo de Adaptaci\u00f3n les ofreci\u00f3 casa en otros sitios del pa\u00eds. Pero repuestos del anterior golpe los gramaloteros entendieron que se trataba de practicarle la eutanasia al municipio y no aceptaron la propuesta. \u00a1La tragedia acab\u00f3 con todo, pero no con la dignidad de la gente de Gramalote! Dignidad que nos ha hecho falta a dirigentes c\u00edvicos y pol\u00edticos para apoyarlos y poner fin a la humillaci\u00f3n que no es solo para ellos sino para Norte de Santander, porque Gramalote es un municipio nuestro que han querido borrar del mapa para evitar una inversi\u00f3n que hace parte de los $ 16 billones asignados para la reconstrucci\u00f3n de lo destruido por la oleada invernal del 2010. Y porque lo que sucede con Gramalote sucede con las carreteras y dem\u00e1s obras del departamento.<\/p>\n<p>Despu\u00e9s de 13 meses y 7 d\u00edas de haber echado para atr\u00e1s todo lo hecho por el Ministerio de Medio Ambiente, Vivienda y Desarrollo, el Fondo de Adaptaci\u00f3n cit\u00f3 para dar otra vez la noticia del sitio donde quedar\u00e1 el nuevo Gramalote. En esta oportunidad no se espera dicha noticia con entusiasmo alguno y s\u00ed con mucha desconfianza. Y no es para menos. Si no fue cierto lo dicho y hecho por el Ministerio y si los hechos van en contrav\u00eda de lo dicho por el Presidente \u00bfa qui\u00e9n se le puede creer?<\/p>\n<p>Tal vez recobremos un poco la tranquilidad si se resuelven los siguientes interrogantes:<\/p>\n<p>1.- \u00bfPor qu\u00e9 el Fondo de Adaptaci\u00f3n desautoriza al Ministerio de Medio Ambiente, Vivienda y Desarrollo que por boca de la Ministra Doctora Beatriz Uribe dijo, el 25 de septiembre de 2011 en el teatro Zulima: \u201cluego de rigurosos estudios geol\u00f3gicos y geomorfol\u00f3gicos y de los resultados del diagn\u00f3stico desarrollado por Servivienda, la Comisi\u00f3n Intersectorial defini\u00f3 al sector Pomarroso, en la vereda Valderrama, como sitio definitivo para reasentar el nuevo casco urbano de Gramalote\u201d?<\/p>\n<p>2- \u00bfQu\u00e9 papel tuvo Servivienda y por qu\u00e9 tambi\u00e9n se descartan sus conclusiones?<\/p>\n<p>3- \u00bfEs cierto que los estudios costaron m\u00e1s de $ 4000 millones o cuanto costaron?<\/p>\n<p>4- \u00bfPor qu\u00e9 se desconocen los resultados de Ingeominas y por qu\u00e9 se contrata ahora con la Sociedad Colombiana de Geotecnia?<\/p>\n<p>Desde luego que entendemos que hay inter\u00e9s en que a Norte de Santander se le d\u00e9 lo menos posible y eso se desprende de las declaraciones de la exgerenta del Fondo de Adaptaci\u00f3n, a los diferentes medios de comunicaci\u00f3n, en las que dijo que el presupuesto para Norte de Santander era peque\u00f1o y no se pod\u00eda entregarlo todo a Gramalote. Eso es lo que nos parece injusto y contra eso es que seguiremos luchando.<\/p>\n<p><strong>RODOLFO MORA MORA<\/strong><\/p>\n<p><strong>Presidente de Fenalco, seccional Norte de Santander<\/strong> <\/p>\n","protected":false},"excerpt":{"rendered":"<p>C\u00daCUTA.- Cuando el Presidente Santos dijo \u201csi hay algo que me desvela es Gramalote\u201d, y, seg\u00fan sus palabras, la directora del Fondo de Adaptaci\u00f3n de ese entonces Cecilia \u00c1lvarez, le advirti\u00f3 que pod\u00eda dormir tranquilo, como si se tratara de una frase ir\u00f3nica que no entendi\u00f3, al poco tiempo se les dio la noticia a &hellip;<\/p>\n","protected":false},"author":1,"featured_media":14568,"comment_status":"open","ping_status":"open","sticky":false,"template":"","format":"standard","meta":{"footnotes":""},"categories":[32],"tags":[],"class_list":["post-14567","post","type-post","status-publish","format-standard","has-post-thumbnail","hentry","category-recorrido-por-la-region"],"_links":{"self":[{"href":"https:\/\/contraluzcucuta.co\/index.php?rest_route=\/wp\/v2\/posts\/14567","targetHints":{"allow":["GET"]}}],"collection":[{"href":"https:\/\/contraluzcucuta.co\/index.php?rest_route=\/wp\/v2\/posts"}],"about":[{"href":"https:\/\/contraluzcucuta.co\/index.php?rest_route=\/wp\/v2\/types\/post"}],"author":[{"embeddable":true,"href":"https:\/\/contraluzcucuta.co\/index.php?rest_route=\/wp\/v2\/users\/1"}],"replies":[{"embeddable":true,"href":"https:\/\/contraluzcucuta.co\/index.php?rest_route=%2Fwp%2Fv2%2Fcomments&post=14567"}],"version-history":[{"count":5,"href":"https:\/\/contraluzcucuta.co\/index.php?rest_route=\/wp\/v2\/posts\/14567\/revisions"}],"predecessor-version":[{"id":14571,"href":"https:\/\/contraluzcucuta.co\/index.php?rest_route=\/wp\/v2\/posts\/14567\/revisions\/14571"}],"wp:featuredmedia":[{"embeddable":true,"href":"https:\/\/contraluzcucuta.co\/index.php?rest_route=\/wp\/v2\/media\/14568"}],"wp:attachment":[{"href":"https:\/\/contraluzcucuta.co\/index.php?rest_route=%2Fwp%2Fv2%2Fmedia&parent=14567"}],"wp:term":[{"taxonomy":"category","embeddable":true,"href":"https:\/\/contraluzcucuta.co\/index.php?rest_route=%2Fwp%2Fv2%2Fcategories&post=14567"},{"taxonomy":"post_tag","embeddable":true,"href":"https:\/\/contraluzcucuta.co\/index.php?rest_route=%2Fwp%2Fv2%2Ftags&post=14567"}],"curies":[{"name":"wp","href":"https:\/\/api.w.org\/{rel}","templated":true}]}}