{"id":14562,"date":"2012-10-29T22:59:17","date_gmt":"2012-10-30T03:59:17","guid":{"rendered":"http:\/\/contraluzcucuta.co\/?p=14562"},"modified":"2012-10-29T22:59:28","modified_gmt":"2012-10-30T03:59:28","slug":"los-ninos-cucutenos-se-tomaran-la-ciudad","status":"publish","type":"post","link":"https:\/\/contraluzcucuta.co\/?p=14562","title":{"rendered":"Los ni\u00f1os cucute\u00f1os se tomar\u00e1n la ciudad"},"content":{"rendered":"<p><strong>C\u00daCUTA.-<\/strong><em> <\/em>Los ni\u00f1os se tomar\u00e1n la ciudad, el 31 de octubre, con juegos, alegr\u00eda y disfraces. En tres puntos especiales se concentrar\u00e1n los peque\u00f1os para mantener la tradici\u00f3n. Los actos se desarrollar\u00e1n entre las 4:00 de la tarde y las 8:00 de la noche.<\/p>\n<p>En El Malec\u00f3n y los centros comerciales Unicentro y Ventura Plaza m\u00e1s de 100 hombres y mujeres adscritos a la secretar\u00eda de Cultura, identificados con camisetas y chalecos, entregar\u00e1n dulces, chupetas, chitos, golosinas y sorpresas.<\/p>\n<p>La Avenida Los Libertadores ser\u00e1 cerrada entre la calle 21 con puente Arnulfo Brice\u00f1o (carril de bajada) y desde el puente Arnulfo Brice\u00f1o hasta la calle 15. El objetivo es que los ni\u00f1os disfruten con las danzas, los t\u00edteres, los mimos, los payasos y las actividades recreativas dispuestas por la Alcald\u00eda.<\/p>\n<p>En los centros comerciales habr\u00e1 recreaci\u00f3n y premios sorpresa para los mejores disfraces. La intenci\u00f3n es que los peque\u00f1os pasen junto a los padres un d\u00eda inolvidable lleno de alegr\u00eda y de golosinas.<\/p>\n<p>El alcalde Donamaris Ram\u00edrez pidi\u00f3 a los padres de familia estar pendientes de los hijos, porque personas malintencionadas pueden aprovechar los descuidos.<\/p>\n<p>Para garantizar la tranquilidad en la celebraci\u00f3n del D\u00eda del Ni\u00f1o la Polic\u00eda dispondr\u00e1 cordones de seguridad en cada punto de concentraci\u00f3n. De esa manera se evitar\u00e1 que los ni\u00f1os corran riesgos. Se instalar\u00e1 un punto de encuentro por si alg\u00fan ni\u00f1o se aleja de los padres.<\/p>\n<p>\u201cInvitamos a los padres de familia para que salgan a compartir con los hijos y a disfrutar de las actividades recreativas que ha dispuesto la Alcald\u00eda para la sana diversi\u00f3n y el esparcimiento\u201d, se\u00f1al\u00f3 Javier Ardila, secretario (e) de Cultura.<\/p>\n<p>&nbsp; <\/p>\n","protected":false},"excerpt":{"rendered":"<p>C\u00daCUTA.- Los ni\u00f1os se tomar\u00e1n la ciudad, el 31 de octubre, con juegos, alegr\u00eda y disfraces. En tres puntos especiales se concentrar\u00e1n los peque\u00f1os para mantener la tradici\u00f3n. Los actos se desarrollar\u00e1n entre las 4:00 de la tarde y las 8:00 de la noche. En El Malec\u00f3n y los centros comerciales Unicentro y Ventura Plaza &hellip;<\/p>\n","protected":false},"author":1,"featured_media":14563,"comment_status":"open","ping_status":"open","sticky":false,"template":"","format":"standard","meta":{"footnotes":""},"categories":[36],"tags":[],"class_list":["post-14562","post","type-post","status-publish","format-standard","has-post-thumbnail","hentry","category-la-voz-del-pueblo"],"_links":{"self":[{"href":"https:\/\/contraluzcucuta.co\/index.php?rest_route=\/wp\/v2\/posts\/14562","targetHints":{"allow":["GET"]}}],"collection":[{"href":"https:\/\/contraluzcucuta.co\/index.php?rest_route=\/wp\/v2\/posts"}],"about":[{"href":"https:\/\/contraluzcucuta.co\/index.php?rest_route=\/wp\/v2\/types\/post"}],"author":[{"embeddable":true,"href":"https:\/\/contraluzcucuta.co\/index.php?rest_route=\/wp\/v2\/users\/1"}],"replies":[{"embeddable":true,"href":"https:\/\/contraluzcucuta.co\/index.php?rest_route=%2Fwp%2Fv2%2Fcomments&post=14562"}],"version-history":[{"count":3,"href":"https:\/\/contraluzcucuta.co\/index.php?rest_route=\/wp\/v2\/posts\/14562\/revisions"}],"predecessor-version":[{"id":14566,"href":"https:\/\/contraluzcucuta.co\/index.php?rest_route=\/wp\/v2\/posts\/14562\/revisions\/14566"}],"wp:featuredmedia":[{"embeddable":true,"href":"https:\/\/contraluzcucuta.co\/index.php?rest_route=\/wp\/v2\/media\/14563"}],"wp:attachment":[{"href":"https:\/\/contraluzcucuta.co\/index.php?rest_route=%2Fwp%2Fv2%2Fmedia&parent=14562"}],"wp:term":[{"taxonomy":"category","embeddable":true,"href":"https:\/\/contraluzcucuta.co\/index.php?rest_route=%2Fwp%2Fv2%2Fcategories&post=14562"},{"taxonomy":"post_tag","embeddable":true,"href":"https:\/\/contraluzcucuta.co\/index.php?rest_route=%2Fwp%2Fv2%2Ftags&post=14562"}],"curies":[{"name":"wp","href":"https:\/\/api.w.org\/{rel}","templated":true}]}}