{"id":14557,"date":"2012-10-29T22:53:58","date_gmt":"2012-10-30T03:53:58","guid":{"rendered":"http:\/\/contraluzcucuta.co\/?p=14557"},"modified":"2012-10-29T22:54:09","modified_gmt":"2012-10-30T03:54:09","slug":"en-cucuta-si-habra-alumbrado-navideno","status":"publish","type":"post","link":"https:\/\/contraluzcucuta.co\/?p=14557","title":{"rendered":"En C\u00facuta s\u00ed habr\u00e1 alumbrado navide\u00f1o"},"content":{"rendered":"<p><strong>C\u00daCUTA.-<\/strong> $ 400 millones invertir\u00e1 el gobierno municipal en el alumbrado navide\u00f1o de C\u00facuta. La decisi\u00f3n se tom\u00f3 a pesar del concepto de la Contralor\u00eda General de la Rep\u00fablica que \u00a0lo considera una iluminaci\u00f3n decorativa que no hace parte del servicio de alumbrado p\u00fablico.<\/p>\n<p>El prop\u00f3sito es retornar a la costumbre de iluminar el centro de la ciudad y los parques principales para que las familias tengan la posibilidad de recorrer los sitios adornados con luces multicolores.<\/p>\n<p>La posici\u00f3n de la Contralor\u00eda dej\u00f3 en entredicho el alumbrado navide\u00f1o en Cali. En C\u00facuta no suceder\u00e1, porque \u201chemos hecho un esfuerzo may\u00fasculo para que la tradici\u00f3n no se vea apagada\u201d, dijo el alcalde Donamaris Ram\u00edrez.<\/p>\n<p>En el 2011, no se ilumin\u00f3 el Parque Santander por los trabajos de remodelaci\u00f3n a los que sometido. Este a\u00f1o s\u00ed se har\u00e1, aunque el dise\u00f1o no incluir\u00e1 los \u00e1rboles. La raz\u00f3n, el peso de los carros canasta romper\u00eda las tabletas. Las luces se instalar\u00e1n en los faroles.<\/p>\n<p>Otra novedad es la iluminaci\u00f3n de las calles 10 y 11, entre las avenidas 5 y 0. En ese trayecto se emplear\u00e1n 120 figuras decorativas, teniendo en cuenta la arborizaci\u00f3n y la distribuci\u00f3n de la luz en el Centro Comercial a Cielo Abierto.<\/p>\n<p>Otros puntos que se iluminar\u00e1n ser\u00e1n:<\/p>\n<p><strong>1.-<\/strong> La Fuente Luminosa, la Diagonal Santander, la Avenida 0 y el muro contiguo al Hotel Arizona.<\/p>\n<p><strong>2.-<\/strong> Los puentes v\u00eda al aeropuerto, Carlos Ram\u00edrez Par\u00eds (San Mateo), Francisco de Paula Andrade, El\u00edas M. Soto, Eustorgio Colmenares (Canal Bogot\u00e1) y Gait\u00e1n Dur\u00e1n.<\/p>\n<p><strong>3.-<\/strong> Las glorietas de Claret (Safari Navide\u00f1o) y Garc\u00eda Herreros.<\/p>\n<p><strong>4.-<\/strong> La v\u00eda al aeropuerto y la autopista Atalaya.<\/p>\n<p><strong>5.-<\/strong> Las vallas de tarjetas navide\u00f1as en las glorietas de Claret y Corponor.<\/p>\n<p><strong>6.-<\/strong> El silueteado de la fachada del Palacio Municipal.<\/p>\n<p><strong>7.-<\/strong> El \u00e1rbol gigante de El Malec\u00f3n,<\/p>\n<p><strong>8.-<\/strong> El Malec\u00f3n (Bosque Encantado).<\/p>\n<p><strong>9.-<\/strong> La ciudadela La Libertad, la Comuna 9 (sector Bel\u00e9n).<\/p>\n<p><strong>10.-<\/strong> Las autopistas de los barrios Aeropuerto y Kennedy.<\/p>\n<p>&nbsp; <\/p>\n","protected":false},"excerpt":{"rendered":"<p>C\u00daCUTA.- $ 400 millones invertir\u00e1 el gobierno municipal en el alumbrado navide\u00f1o de C\u00facuta. La decisi\u00f3n se tom\u00f3 a pesar del concepto de la Contralor\u00eda General de la Rep\u00fablica que \u00a0lo considera una iluminaci\u00f3n decorativa que no hace parte del servicio de alumbrado p\u00fablico. El prop\u00f3sito es retornar a la costumbre de iluminar el centro &hellip;<\/p>\n","protected":false},"author":1,"featured_media":14558,"comment_status":"open","ping_status":"open","sticky":false,"template":"","format":"standard","meta":{"footnotes":""},"categories":[6],"tags":[],"class_list":["post-14557","post","type-post","status-publish","format-standard","has-post-thumbnail","hentry","category-ojo-avizor"],"_links":{"self":[{"href":"https:\/\/contraluzcucuta.co\/index.php?rest_route=\/wp\/v2\/posts\/14557","targetHints":{"allow":["GET"]}}],"collection":[{"href":"https:\/\/contraluzcucuta.co\/index.php?rest_route=\/wp\/v2\/posts"}],"about":[{"href":"https:\/\/contraluzcucuta.co\/index.php?rest_route=\/wp\/v2\/types\/post"}],"author":[{"embeddable":true,"href":"https:\/\/contraluzcucuta.co\/index.php?rest_route=\/wp\/v2\/users\/1"}],"replies":[{"embeddable":true,"href":"https:\/\/contraluzcucuta.co\/index.php?rest_route=%2Fwp%2Fv2%2Fcomments&post=14557"}],"version-history":[{"count":3,"href":"https:\/\/contraluzcucuta.co\/index.php?rest_route=\/wp\/v2\/posts\/14557\/revisions"}],"predecessor-version":[{"id":14561,"href":"https:\/\/contraluzcucuta.co\/index.php?rest_route=\/wp\/v2\/posts\/14557\/revisions\/14561"}],"wp:featuredmedia":[{"embeddable":true,"href":"https:\/\/contraluzcucuta.co\/index.php?rest_route=\/wp\/v2\/media\/14558"}],"wp:attachment":[{"href":"https:\/\/contraluzcucuta.co\/index.php?rest_route=%2Fwp%2Fv2%2Fmedia&parent=14557"}],"wp:term":[{"taxonomy":"category","embeddable":true,"href":"https:\/\/contraluzcucuta.co\/index.php?rest_route=%2Fwp%2Fv2%2Fcategories&post=14557"},{"taxonomy":"post_tag","embeddable":true,"href":"https:\/\/contraluzcucuta.co\/index.php?rest_route=%2Fwp%2Fv2%2Ftags&post=14557"}],"curies":[{"name":"wp","href":"https:\/\/api.w.org\/{rel}","templated":true}]}}