{"id":14553,"date":"2012-10-29T05:36:26","date_gmt":"2012-10-29T10:36:26","guid":{"rendered":"http:\/\/contraluzcucuta.co\/?p=14553"},"modified":"2012-10-29T05:36:52","modified_gmt":"2012-10-29T10:36:52","slug":"cucuta-igualo-en-el-atanasio-ante-del-dim","status":"publish","type":"post","link":"https:\/\/contraluzcucuta.co\/?p=14553","title":{"rendered":"C\u00facuta igual\u00f3 en el Atanasio ante el DIM"},"content":{"rendered":"<p>&nbsp;<\/p>\n<p>Aunque inici\u00f3 arriba en el marcador, el equipo rojinegro no logr\u00f3 mantener la diferencia en el marcador. Este resultado mantiene, aunque lejana, la posibilidad de clasificar a la fase final del futbol profesional colombiano y pr\u00e1cticamente asegurado el juego de la promoci\u00f3n.<\/p>\n<p>En los primeros minutos del encuentro Medell\u00edn se hizo con la pelota y cre\u00f3 jugadas de gol que llevaron peligro al arco defendido por Luis Estacio. Minutos despu\u00e9s, el equipo rojinegro equilibr\u00f3 las acciones. Al minuto 35, Juan Camilo Angulo descolg\u00f3 por el sector derecho tir\u00f3 un centro rasante y encontr\u00f3 al arquero Bejarano, quien envi\u00f3 el bal\u00f3n al fondo de su red. 1-0. As\u00ed se fueron al descanso.<\/p>\n<p>En la segunda parte, el t\u00e9cnico del DIM, Hern\u00e1n Dar\u00edo G\u00f3mez, envi\u00f3 al terreno a Luis N\u00fa\u00f1ez (exC\u00facuta Deportivo) y a William Arboleda, fundamental en el juego del \u2018poderoso\u2019.<\/p>\n<p>Medell\u00edn sali\u00f3 a presionar y consigui\u00f3 el empate. El rojo de la monta\u00f1a logr\u00f3 la paridad con Sebasti\u00e1n Hern\u00e1ndez, al minuto 54. Luego, el juego volvi\u00f3 a ser equilibrado y el manejo de la pelota fue igualado, sin ninguno de los dos marcar diferencia.<\/p>\n<p>El empate deja al C\u00facuta Deportivo con 21 puntos en la lucha por clasificar entre los ocho mejores de Colombia. En la otra tabla, la del descenso, el cuadro motil\u00f3n suma 121 puntos y casi que asegurado en la disputa de la promoci\u00f3n.<\/p>\n<p>El pr\u00f3ximo juego del equipo fronterizo ser\u00e1 en el estadio General Santander, ante Deportes Quind\u00edo, el 4 de noviembre a las 3:15 de la tarde. Se espera el respaldo de la afici\u00f3n al regreso a casa.<\/p>\n<p><strong>ANDR\u00c9S CUADROS<\/strong><\/p>\n<p><a href=\"mailto:andrescuadros_0624@hotmail.com\">andrescuadros_0624@hotmail.com<\/a><\/p>\n<p>Foto: FUTBOLRED<\/p>\n<p>&nbsp;<\/p>\n<p>&nbsp; <\/p>\n","protected":false},"excerpt":{"rendered":"<p>&nbsp; Aunque inici\u00f3 arriba en el marcador, el equipo rojinegro no logr\u00f3 mantener la diferencia en el marcador. Este resultado mantiene, aunque lejana, la posibilidad de clasificar a la fase final del futbol profesional colombiano y pr\u00e1cticamente asegurado el juego de la promoci\u00f3n. En los primeros minutos del encuentro Medell\u00edn se hizo con la pelota &hellip;<\/p>\n","protected":false},"author":1,"featured_media":14554,"comment_status":"open","ping_status":"open","sticky":false,"template":"","format":"standard","meta":{"footnotes":""},"categories":[28],"tags":[514],"class_list":["post-14553","post","type-post","status-publish","format-standard","has-post-thumbnail","hentry","category-vistazo-deportivo","tag-cucuta-medellin"],"_links":{"self":[{"href":"https:\/\/contraluzcucuta.co\/index.php?rest_route=\/wp\/v2\/posts\/14553","targetHints":{"allow":["GET"]}}],"collection":[{"href":"https:\/\/contraluzcucuta.co\/index.php?rest_route=\/wp\/v2\/posts"}],"about":[{"href":"https:\/\/contraluzcucuta.co\/index.php?rest_route=\/wp\/v2\/types\/post"}],"author":[{"embeddable":true,"href":"https:\/\/contraluzcucuta.co\/index.php?rest_route=\/wp\/v2\/users\/1"}],"replies":[{"embeddable":true,"href":"https:\/\/contraluzcucuta.co\/index.php?rest_route=%2Fwp%2Fv2%2Fcomments&post=14553"}],"version-history":[{"count":2,"href":"https:\/\/contraluzcucuta.co\/index.php?rest_route=\/wp\/v2\/posts\/14553\/revisions"}],"predecessor-version":[{"id":14556,"href":"https:\/\/contraluzcucuta.co\/index.php?rest_route=\/wp\/v2\/posts\/14553\/revisions\/14556"}],"wp:featuredmedia":[{"embeddable":true,"href":"https:\/\/contraluzcucuta.co\/index.php?rest_route=\/wp\/v2\/media\/14554"}],"wp:attachment":[{"href":"https:\/\/contraluzcucuta.co\/index.php?rest_route=%2Fwp%2Fv2%2Fmedia&parent=14553"}],"wp:term":[{"taxonomy":"category","embeddable":true,"href":"https:\/\/contraluzcucuta.co\/index.php?rest_route=%2Fwp%2Fv2%2Fcategories&post=14553"},{"taxonomy":"post_tag","embeddable":true,"href":"https:\/\/contraluzcucuta.co\/index.php?rest_route=%2Fwp%2Fv2%2Ftags&post=14553"}],"curies":[{"name":"wp","href":"https:\/\/api.w.org\/{rel}","templated":true}]}}