{"id":14550,"date":"2012-10-29T05:22:05","date_gmt":"2012-10-29T10:22:05","guid":{"rendered":"http:\/\/contraluzcucuta.co\/?p=14550"},"modified":"2012-10-29T05:22:05","modified_gmt":"2012-10-29T10:22:05","slug":"cucuta-respira-ambiente-de-juegos","status":"publish","type":"post","link":"https:\/\/contraluzcucuta.co\/?p=14550","title":{"rendered":"C\u00facuta respira ambiente de Juegos"},"content":{"rendered":"<p><strong>C\u00daCUTA.-<\/strong> El fuego deportivo lleg\u00f3 a C\u00facuta y permanecer\u00e1 encendido hasta el 18 de noviembre en El Malec\u00f3n. Jossimar Calvo y Jes\u00fas Romero portaron la antorcha hasta el pebetero y el gobernador Edgar D\u00edaz, el alcalde Donamaris Ram\u00edrez y el director de los Juegos Fabio Ram\u00edrez se encargaron de darle vida a este s\u00edmbolo.<\/p>\n<p>Desde el 16 de octubre, recorre las principales ciudades del pa\u00eds. Al final de la traves\u00eda habr\u00e1 pasado por 9600 kil\u00f3metros, de frontera a frontera. El 3 de noviembre, cobrar\u00e1 vida en Monter\u00eda, a las 7:00 de la noche, para marcar el inicio de las competencias.<\/p>\n<p>La paz, el medio ambiente y la hermandad ser\u00e1n los principios de los Juegos, que en la versi\u00f3n 19 se disputar\u00e1n en Cauca, C\u00f3rdoba y Norte de Santander.<\/p>\n<p>Centenares de cucute\u00f1os salieron, este 28 de octubre, a recibir el fuego y lo acompa\u00f1aron en el paseo por la Avenida Los Libertadores. Luego, se dirigieron a Villa del Rosario y Los Patios.<\/p>\n<p>\u201cEstamos orgullosos de recibir a los colombianos deportistas\u201d, dijo el alcalde Ram\u00edrez. Minutos despu\u00e9s, su hijo Santiago ech\u00f3 a volar una paloma blanca como mensaje de paz para el pa\u00eds.<\/p>\n<p>Monse\u00f1or Julio C\u00e9sar Vidal \u00a0reconoci\u00f3 que los Juegos \u201chan supuesto grandes esfuerzos\u201d para concretarlos y ponerlos en marcha este s\u00e1bado en el departamento. Rog\u00f3 porque \u201cDios permita que los Juegos nos acerquen a la reconstrucci\u00f3n de la paz\u201d.<\/p>\n<p>Luego de la llegada del fuego al aeropuerto Camilo Daza comenz\u00f3 el recorrido por la Libertadores. Ciclistas, patinadores, atletas improvisados, motorizados y automovilistas acompa\u00f1aron a las autoridades civiles y deportivas en el trayecto.<\/p>\n<p>Estudiantes de varios colegios y bandas marciales aguardaron en El Malec\u00f3n la llegada de la antorcha para saludarla. La orquesta sinf\u00f3nica se encarg\u00f3 de los himnos. La medallista ol\u00edmpica Mariana Paj\u00f3n no vino y a cambio envi\u00f3 un mensaje.<\/p>\n<p>El fuego arder\u00e1 en C\u00facuta y ser\u00e1 sin\u00f3nimo de las largas jornadas que les esperan a los deportistas para alcanzar las medallas con las que han so\u00f1ado en los \u00faltimo cuatro a\u00f1os.<\/p>\n<p><strong>Foto: MILDRED MOLINA<\/strong><\/p>\n<p>&nbsp; <\/p>\n","protected":false},"excerpt":{"rendered":"<p>C\u00daCUTA.- El fuego deportivo lleg\u00f3 a C\u00facuta y permanecer\u00e1 encendido hasta el 18 de noviembre en El Malec\u00f3n. Jossimar Calvo y Jes\u00fas Romero portaron la antorcha hasta el pebetero y el gobernador Edgar D\u00edaz, el alcalde Donamaris Ram\u00edrez y el director de los Juegos Fabio Ram\u00edrez se encargaron de darle vida a este s\u00edmbolo. Desde &hellip;<\/p>\n","protected":false},"author":1,"featured_media":14551,"comment_status":"open","ping_status":"open","sticky":false,"template":"","format":"standard","meta":{"footnotes":""},"categories":[4,28],"tags":[217],"class_list":["post-14550","post","type-post","status-publish","format-standard","has-post-thumbnail","hentry","category-barra","category-vistazo-deportivo","tag-juegos-nacionales-2012"],"_links":{"self":[{"href":"https:\/\/contraluzcucuta.co\/index.php?rest_route=\/wp\/v2\/posts\/14550","targetHints":{"allow":["GET"]}}],"collection":[{"href":"https:\/\/contraluzcucuta.co\/index.php?rest_route=\/wp\/v2\/posts"}],"about":[{"href":"https:\/\/contraluzcucuta.co\/index.php?rest_route=\/wp\/v2\/types\/post"}],"author":[{"embeddable":true,"href":"https:\/\/contraluzcucuta.co\/index.php?rest_route=\/wp\/v2\/users\/1"}],"replies":[{"embeddable":true,"href":"https:\/\/contraluzcucuta.co\/index.php?rest_route=%2Fwp%2Fv2%2Fcomments&post=14550"}],"version-history":[{"count":1,"href":"https:\/\/contraluzcucuta.co\/index.php?rest_route=\/wp\/v2\/posts\/14550\/revisions"}],"predecessor-version":[{"id":14552,"href":"https:\/\/contraluzcucuta.co\/index.php?rest_route=\/wp\/v2\/posts\/14550\/revisions\/14552"}],"wp:featuredmedia":[{"embeddable":true,"href":"https:\/\/contraluzcucuta.co\/index.php?rest_route=\/wp\/v2\/media\/14551"}],"wp:attachment":[{"href":"https:\/\/contraluzcucuta.co\/index.php?rest_route=%2Fwp%2Fv2%2Fmedia&parent=14550"}],"wp:term":[{"taxonomy":"category","embeddable":true,"href":"https:\/\/contraluzcucuta.co\/index.php?rest_route=%2Fwp%2Fv2%2Fcategories&post=14550"},{"taxonomy":"post_tag","embeddable":true,"href":"https:\/\/contraluzcucuta.co\/index.php?rest_route=%2Fwp%2Fv2%2Ftags&post=14550"}],"curies":[{"name":"wp","href":"https:\/\/api.w.org\/{rel}","templated":true}]}}