{"id":14547,"date":"2012-10-27T19:15:22","date_gmt":"2012-10-28T00:15:22","guid":{"rendered":"http:\/\/contraluzcucuta.co\/?p=14547"},"modified":"2012-10-27T19:15:22","modified_gmt":"2012-10-28T00:15:22","slug":"hoy-llega-el-fuego-deportivo","status":"publish","type":"post","link":"https:\/\/contraluzcucuta.co\/?p=14547","title":{"rendered":"Hoy, llega el fuego deportivo"},"content":{"rendered":"<p>El recorrido por las regiones del pa\u00eds trae hoy a C\u00facuta al fuego deportivo de los XIX Juegos Nacionales y III Paranacionales \u2018Carlos Lleras Restrepo\u2019 2012. El paso por la ciudad iniciar\u00e1 en Unicentro y luego de recorrer la Avenida Los Libertadores llegar\u00e1 al teatro Los Pr\u00f3ceres, en El Malec\u00f3n, donde se llevar\u00e1 a cabo el acto protocolario. La antorcha ol\u00edmpica se encender\u00e1 a las 9:00 de la ma\u00f1ana en el centro comercial.<\/p>\n<p>&nbsp;<\/p>\n<p>&nbsp; <\/p>\n","protected":false},"excerpt":{"rendered":"<p>El recorrido por las regiones del pa\u00eds trae hoy a C\u00facuta al fuego deportivo de los XIX Juegos Nacionales y III Paranacionales \u2018Carlos Lleras Restrepo\u2019 2012. El paso por la ciudad iniciar\u00e1 en Unicentro y luego de recorrer la Avenida Los Libertadores llegar\u00e1 al teatro Los Pr\u00f3ceres, en El Malec\u00f3n, donde se llevar\u00e1 a cabo &hellip;<\/p>\n","protected":false},"author":1,"featured_media":14548,"comment_status":"open","ping_status":"open","sticky":false,"template":"","format":"standard","meta":{"footnotes":""},"categories":[45],"tags":[172],"class_list":["post-14547","post","type-post","status-publish","format-standard","has-post-thumbnail","hentry","category-destacado","tag-juegos-nacionales"],"_links":{"self":[{"href":"https:\/\/contraluzcucuta.co\/index.php?rest_route=\/wp\/v2\/posts\/14547","targetHints":{"allow":["GET"]}}],"collection":[{"href":"https:\/\/contraluzcucuta.co\/index.php?rest_route=\/wp\/v2\/posts"}],"about":[{"href":"https:\/\/contraluzcucuta.co\/index.php?rest_route=\/wp\/v2\/types\/post"}],"author":[{"embeddable":true,"href":"https:\/\/contraluzcucuta.co\/index.php?rest_route=\/wp\/v2\/users\/1"}],"replies":[{"embeddable":true,"href":"https:\/\/contraluzcucuta.co\/index.php?rest_route=%2Fwp%2Fv2%2Fcomments&post=14547"}],"version-history":[{"count":1,"href":"https:\/\/contraluzcucuta.co\/index.php?rest_route=\/wp\/v2\/posts\/14547\/revisions"}],"predecessor-version":[{"id":14549,"href":"https:\/\/contraluzcucuta.co\/index.php?rest_route=\/wp\/v2\/posts\/14547\/revisions\/14549"}],"wp:featuredmedia":[{"embeddable":true,"href":"https:\/\/contraluzcucuta.co\/index.php?rest_route=\/wp\/v2\/media\/14548"}],"wp:attachment":[{"href":"https:\/\/contraluzcucuta.co\/index.php?rest_route=%2Fwp%2Fv2%2Fmedia&parent=14547"}],"wp:term":[{"taxonomy":"category","embeddable":true,"href":"https:\/\/contraluzcucuta.co\/index.php?rest_route=%2Fwp%2Fv2%2Fcategories&post=14547"},{"taxonomy":"post_tag","embeddable":true,"href":"https:\/\/contraluzcucuta.co\/index.php?rest_route=%2Fwp%2Fv2%2Ftags&post=14547"}],"curies":[{"name":"wp","href":"https:\/\/api.w.org\/{rel}","templated":true}]}}