{"id":14543,"date":"2012-10-27T18:55:43","date_gmt":"2012-10-27T23:55:43","guid":{"rendered":"http:\/\/contraluzcucuta.co\/?p=14543"},"modified":"2012-10-27T18:55:43","modified_gmt":"2012-10-27T23:55:43","slug":"mockus-hablo-de-cultura-ciudadana-en-cucuta-y-pamplona","status":"publish","type":"post","link":"https:\/\/contraluzcucuta.co\/?p=14543","title":{"rendered":"Mockus habl\u00f3 de cultura ciudadana en C\u00facuta y Pamplona"},"content":{"rendered":"<p><strong>C\u00daCUTA.-<\/strong> Antanas Mockus, presidente de Corpovisionarios, \u00a0present\u00f3 el informe preliminar del diagn\u00f3stico de cultura ciudadana efectuado en C\u00facuta y Pamplona, con el patrocinio de la Universidad de Pamplona.<\/p>\n<p>La primera fase busc\u00f3 identificar en las dos ciudades y la universidad las actitudes problem\u00e1ticas prioritarias susceptibles de ser trasformadas mediante la auto-regulaci\u00f3n y la mutua regulaci\u00f3n entre ciudadanos.<\/p>\n<p>La propuesta, presentada por solicitud de la rectora Esperanza Paredes, tuvo en cuenta la experiencia de Corpovisionarios y el apoyo del Oleoducto Bicentenario de Colombia. Logr\u00f3 describir la elaboraci\u00f3n del diagn\u00f3stico que permitir\u00e1 construir la l\u00ednea base que servir\u00e1 como insumo para la elaboraci\u00f3n de pol\u00edticas p\u00fablicas de cultura y comportamiento ciudadano para las dos ciudades.<\/p>\n<p>Desde el 2009, se buscaba la posibilidad que Corpovisionarios acompa\u00f1ara la aplicaci\u00f3n de la encuesta de cultura ciudadana, que es el diagn\u00f3stico de los problemas que afectan a una comunidad en t\u00e9rminos de la relaci\u00f3n con la ley, la moral y la cultura, para valorarlos y proponer a partir de ese diagn\u00f3stico un modo de gesti\u00f3n de lo p\u00fablico y en este caso apoyado de la Universidad.<\/p>\n<p>Antanas Mockus explic\u00f3 los resultados preliminares del diagn\u00f3stico, dedic\u00f3 parte de la conferencia a hablar sobre la necesidad de crear conciencia social que permita hacer uso adecuado, racional y humano de los espacios sociales.<\/p>\n<p>\u201cEn Colombia la gente piensa en general, que uno manda en su conciencia, o los dem\u00e1s hacen las cosas porque les metemos un susto con la c\u00e1rcel y lo que hemos encontrado en la Universidad de Pamplona es mucha sensibilidad al reconocimiento, al c\u00f3mo te ver\u00e1n los dem\u00e1s, lo que es en cierto sentido para hacer cultura ciudadana, porque eso es el cimiento. Si uno piensa que los dem\u00e1s influyen en uno y que uno influye en los dem\u00e1s, esta es la clave de cultura ciudadana\u201d, explic\u00f3 Mockus.<\/p>\n<p>Centr\u00f3 la charla en la construcci\u00f3n de la cultura ciudadana vista desde la cultura misma de la cotidianidad, desde la cual se pueda forjar una conciencia social y de valores.<\/p>\n<p>Corpovisionarios es un centro de pensamiento y acci\u00f3n sin \u00e1nimo de lucro que investiga, asesora, dise\u00f1a e implementa acciones para lograr cambios voluntarios de comportamientos colectivos.<\/p>\n<p>Desde el enfoque de cultura ciudadana, la corporaci\u00f3n promueve la participaci\u00f3n ciudadana, la celebraci\u00f3n de acuerdos y la corresponsabilidad como potenciales m\u00f3viles del desarrollo social, econ\u00f3mico y pol\u00edtico. Su actuar est\u00e1 dirigido a la armonizaci\u00f3n de la ley, la moral y la cultura en distintas esferas sociales con el fin de generar consensos que promuevan la convivencia pac\u00edfica.<\/p>\n<p>La corporaci\u00f3n desarrolla acciones enfocadas al cambio de normas sociales, que se caracterizan por empoderar a las personas para que se conviertan en agentes de trasformaci\u00f3n colectiva y por tener lugar en \u00e1mbitos priorizados por los mismos grupos o comunidades que son foco de transformaci\u00f3n.<\/p>\n<p>Adicionalmente, crea espacios para la discusi\u00f3n de problemas de acci\u00f3n colectiva en cualquier esfera social mediante la organizaci\u00f3n de seminarios internacionales, cursos, foros y conversatorios. Los resultados de los proyectos adelantados por la Corporaci\u00f3n son plasmados en publicaciones de car\u00e1cter t\u00e9cnico o de divulgaci\u00f3n.<\/p>\n<p>&nbsp; <\/p>\n","protected":false},"excerpt":{"rendered":"<p>C\u00daCUTA.- Antanas Mockus, presidente de Corpovisionarios, \u00a0present\u00f3 el informe preliminar del diagn\u00f3stico de cultura ciudadana efectuado en C\u00facuta y Pamplona, con el patrocinio de la Universidad de Pamplona. La primera fase busc\u00f3 identificar en las dos ciudades y la universidad las actitudes problem\u00e1ticas prioritarias susceptibles de ser trasformadas mediante la auto-regulaci\u00f3n y la mutua regulaci\u00f3n &hellip;<\/p>\n","protected":false},"author":1,"featured_media":14544,"comment_status":"open","ping_status":"open","sticky":false,"template":"","format":"standard","meta":{"footnotes":""},"categories":[1],"tags":[513],"class_list":["post-14543","post","type-post","status-publish","format-standard","has-post-thumbnail","hentry","category-sin-categoria","tag-antanas-mockus"],"_links":{"self":[{"href":"https:\/\/contraluzcucuta.co\/index.php?rest_route=\/wp\/v2\/posts\/14543","targetHints":{"allow":["GET"]}}],"collection":[{"href":"https:\/\/contraluzcucuta.co\/index.php?rest_route=\/wp\/v2\/posts"}],"about":[{"href":"https:\/\/contraluzcucuta.co\/index.php?rest_route=\/wp\/v2\/types\/post"}],"author":[{"embeddable":true,"href":"https:\/\/contraluzcucuta.co\/index.php?rest_route=\/wp\/v2\/users\/1"}],"replies":[{"embeddable":true,"href":"https:\/\/contraluzcucuta.co\/index.php?rest_route=%2Fwp%2Fv2%2Fcomments&post=14543"}],"version-history":[{"count":1,"href":"https:\/\/contraluzcucuta.co\/index.php?rest_route=\/wp\/v2\/posts\/14543\/revisions"}],"predecessor-version":[{"id":14545,"href":"https:\/\/contraluzcucuta.co\/index.php?rest_route=\/wp\/v2\/posts\/14543\/revisions\/14545"}],"wp:featuredmedia":[{"embeddable":true,"href":"https:\/\/contraluzcucuta.co\/index.php?rest_route=\/wp\/v2\/media\/14544"}],"wp:attachment":[{"href":"https:\/\/contraluzcucuta.co\/index.php?rest_route=%2Fwp%2Fv2%2Fmedia&parent=14543"}],"wp:term":[{"taxonomy":"category","embeddable":true,"href":"https:\/\/contraluzcucuta.co\/index.php?rest_route=%2Fwp%2Fv2%2Fcategories&post=14543"},{"taxonomy":"post_tag","embeddable":true,"href":"https:\/\/contraluzcucuta.co\/index.php?rest_route=%2Fwp%2Fv2%2Ftags&post=14543"}],"curies":[{"name":"wp","href":"https:\/\/api.w.org\/{rel}","templated":true}]}}