{"id":14540,"date":"2012-10-27T18:39:09","date_gmt":"2012-10-27T23:39:09","guid":{"rendered":"http:\/\/contraluzcucuta.co\/?p=14540"},"modified":"2012-10-27T18:39:09","modified_gmt":"2012-10-27T23:39:09","slug":"programa-indeco-busca-reducir-pobreza-en-ocho-municipios","status":"publish","type":"post","link":"https:\/\/contraluzcucuta.co\/?p=14540","title":{"rendered":"Programa Indeco busca reducir pobreza en ocho municipios"},"content":{"rendered":"<p><strong>C\u00daCUTA.-<\/strong> Ocho municipios se benefician, desde el 2011, con el programa Indeco y la ejecuci\u00f3n de proyectos sostenibles. La arquidi\u00f3cesis de Pamplona apoya a Mut\u00edscua y Cacota; la Di\u00f3cesis de C\u00facuta, a Gramalote y Sardinata; la Di\u00f3cesis de Oca\u00f1a, a Oca\u00f1a y Convenci\u00f3n, la Di\u00f3cesis de Tib\u00fa, a Tib\u00fa y Puerto Santander.<\/p>\n<p>La Gobernaci\u00f3n y la Iglesia cat\u00f3lica unieron esfuerzos para trabajar en pos de la reducci\u00f3n de la pobreza en Norte de Santander, desde la perspectiva de constituci\u00f3n de paz. El prop\u00f3sito es mejorar la participaci\u00f3n y la gesti\u00f3n de las comunidades.<\/p>\n<p>Estos temas se trataron en el foro \u2018Presupuestos participativos para el buen gobierno\u2019, reunido en la biblioteca p\u00fablica Julio P\u00e9rez Ferrero. Cont\u00f3 con la presencia de los secretarios de Fronteras, \u00c1ngela Johana Dur\u00e1n Rivera; Desarrollo Econ\u00f3mico, Carolina Sabagh Salcedo, y de Planeaci\u00f3n, Cristian Alberto Buitrago.<\/p>\n<p>La actividad es liderada por el Obispo de C\u00facuta, monse\u00f1or Julio C\u00e9sar Vidal; Juan Carlos C\u00e1rdenas, subdirector del Secretariado Nacional Pastoral Social, y Abimael Bacca, director de la Corporaci\u00f3n de Servicio Pastoral Social C\u00facuta.<\/p>\n<p>En el encuentro se socializ\u00f3 el proyecto de \u2018Incidencias de las comunidades en estrategias de desarrollo y fomento de procesos comunitarios de producci\u00f3n y comercializaci\u00f3n autogestionada (Indeco)\u2019.<\/p>\n<p>El prop\u00f3sito es buscar un fondo para actividades de producci\u00f3n sostenible y comercializaci\u00f3n agropecuaria, mediante el apoyo financiero de los beneficiarios finales.<\/p>\n<p>Al encuentro asistieron representantes de 22 comunidades y organizaciones locales que interact\u00faen en funci\u00f3n de:<\/p>\n<p><strong>1.-<\/strong> Una pol\u00edtica p\u00fablica de desarrollo local.<\/p>\n<p><strong>2.-<\/strong> El fortalecimiento de 13 organizaciones sociales en los 8 municipios.<\/p>\n<p><strong>3.-<\/strong> Una estrategia productiva econ\u00f3mica del sector agropecuario para mejorar la participaci\u00f3n en las redes de comercializaci\u00f3n.<\/p>\n<p>&nbsp; <\/p>\n","protected":false},"excerpt":{"rendered":"<p>C\u00daCUTA.- Ocho municipios se benefician, desde el 2011, con el programa Indeco y la ejecuci\u00f3n de proyectos sostenibles. La arquidi\u00f3cesis de Pamplona apoya a Mut\u00edscua y Cacota; la Di\u00f3cesis de C\u00facuta, a Gramalote y Sardinata; la Di\u00f3cesis de Oca\u00f1a, a Oca\u00f1a y Convenci\u00f3n, la Di\u00f3cesis de Tib\u00fa, a Tib\u00fa y Puerto Santander. La Gobernaci\u00f3n y &hellip;<\/p>\n","protected":false},"author":1,"featured_media":14541,"comment_status":"open","ping_status":"open","sticky":false,"template":"","format":"standard","meta":{"footnotes":""},"categories":[32],"tags":[512],"class_list":["post-14540","post","type-post","status-publish","format-standard","has-post-thumbnail","hentry","category-recorrido-por-la-region","tag-indeco"],"_links":{"self":[{"href":"https:\/\/contraluzcucuta.co\/index.php?rest_route=\/wp\/v2\/posts\/14540","targetHints":{"allow":["GET"]}}],"collection":[{"href":"https:\/\/contraluzcucuta.co\/index.php?rest_route=\/wp\/v2\/posts"}],"about":[{"href":"https:\/\/contraluzcucuta.co\/index.php?rest_route=\/wp\/v2\/types\/post"}],"author":[{"embeddable":true,"href":"https:\/\/contraluzcucuta.co\/index.php?rest_route=\/wp\/v2\/users\/1"}],"replies":[{"embeddable":true,"href":"https:\/\/contraluzcucuta.co\/index.php?rest_route=%2Fwp%2Fv2%2Fcomments&post=14540"}],"version-history":[{"count":1,"href":"https:\/\/contraluzcucuta.co\/index.php?rest_route=\/wp\/v2\/posts\/14540\/revisions"}],"predecessor-version":[{"id":14542,"href":"https:\/\/contraluzcucuta.co\/index.php?rest_route=\/wp\/v2\/posts\/14540\/revisions\/14542"}],"wp:featuredmedia":[{"embeddable":true,"href":"https:\/\/contraluzcucuta.co\/index.php?rest_route=\/wp\/v2\/media\/14541"}],"wp:attachment":[{"href":"https:\/\/contraluzcucuta.co\/index.php?rest_route=%2Fwp%2Fv2%2Fmedia&parent=14540"}],"wp:term":[{"taxonomy":"category","embeddable":true,"href":"https:\/\/contraluzcucuta.co\/index.php?rest_route=%2Fwp%2Fv2%2Fcategories&post=14540"},{"taxonomy":"post_tag","embeddable":true,"href":"https:\/\/contraluzcucuta.co\/index.php?rest_route=%2Fwp%2Fv2%2Ftags&post=14540"}],"curies":[{"name":"wp","href":"https:\/\/api.w.org\/{rel}","templated":true}]}}