{"id":14536,"date":"2012-10-27T18:21:40","date_gmt":"2012-10-27T23:21:40","guid":{"rendered":"http:\/\/contraluzcucuta.co\/?p=14536"},"modified":"2012-10-27T18:21:40","modified_gmt":"2012-10-27T23:21:40","slug":"del-29-al-31-de-octubre-no-habra-pico-y-placa","status":"publish","type":"post","link":"https:\/\/contraluzcucuta.co\/?p=14536","title":{"rendered":"Del 29 al 31 de octubre no habr\u00e1 \u2018pico y placa\u2019"},"content":{"rendered":"<p><strong>C\u00daCUTA.-<\/strong> Los tres \u00faltimos d\u00edas de octubre, no habr\u00e1 \u2018pico y placa\u2019 en C\u00facuta para los veh\u00edculos particulares. Ricardo Villamizar G\u00f3mez, secretario de Tr\u00e1nsito Municipal, despej\u00f3 dudas sobre la aplicaci\u00f3n de la medida y que inquietaba a conductores y ciudadan\u00eda por las celebraciones previstas para finales d emes.<\/p>\n<p>La pr\u00f3xima semana comparte dos d\u00edas con noviembre. El titular de Tr\u00e1nsito aclar\u00f3 que el primero de noviembre el \u2018pico y placa\u2019 se aplica a los n\u00fameros del d\u00eda. No circular\u00e1n veh\u00edculos cuyas matr\u00edculas terminen en 7 y 8.<\/p>\n<p>Desde que se puso en marcha la medida se han evidenciado cambios en la movilidad de la ciudad. De acuerdo con las mediciones, en las \u00faltimas semanas de los meses cuando no se ha aplicado la restricci\u00f3n, el tr\u00e1nsito se ha congestionado. El indicador demuestra que la medida funciona.<\/p>\n<p>El 2 de noviembre, no circular\u00e1n los carros cuyas placas terminen en 9 y 0. La norma que instituy\u00f3 y reglament\u00f3 el \u2018pico y placa\u2019 seguir\u00e1 la aplicaci\u00f3n normal.<\/p>\n<p>Tr\u00e1nsito Municipal acelera la reparaci\u00f3n de los sem\u00e1foros averiados por las recientes lluvias, haciendo la salvedad que la actual red es obsoleta.<\/p>\n<p>&nbsp; <\/p>\n","protected":false},"excerpt":{"rendered":"<p>C\u00daCUTA.- Los tres \u00faltimos d\u00edas de octubre, no habr\u00e1 \u2018pico y placa\u2019 en C\u00facuta para los veh\u00edculos particulares. Ricardo Villamizar G\u00f3mez, secretario de Tr\u00e1nsito Municipal, despej\u00f3 dudas sobre la aplicaci\u00f3n de la medida y que inquietaba a conductores y ciudadan\u00eda por las celebraciones previstas para finales d emes. La pr\u00f3xima semana comparte dos d\u00edas con &hellip;<\/p>\n","protected":false},"author":1,"featured_media":14537,"comment_status":"open","ping_status":"open","sticky":false,"template":"","format":"standard","meta":{"footnotes":""},"categories":[6],"tags":[434],"class_list":["post-14536","post","type-post","status-publish","format-standard","has-post-thumbnail","hentry","category-ojo-avizor","tag-pico-y-placa-en-cucuta"],"_links":{"self":[{"href":"https:\/\/contraluzcucuta.co\/index.php?rest_route=\/wp\/v2\/posts\/14536","targetHints":{"allow":["GET"]}}],"collection":[{"href":"https:\/\/contraluzcucuta.co\/index.php?rest_route=\/wp\/v2\/posts"}],"about":[{"href":"https:\/\/contraluzcucuta.co\/index.php?rest_route=\/wp\/v2\/types\/post"}],"author":[{"embeddable":true,"href":"https:\/\/contraluzcucuta.co\/index.php?rest_route=\/wp\/v2\/users\/1"}],"replies":[{"embeddable":true,"href":"https:\/\/contraluzcucuta.co\/index.php?rest_route=%2Fwp%2Fv2%2Fcomments&post=14536"}],"version-history":[{"count":2,"href":"https:\/\/contraluzcucuta.co\/index.php?rest_route=\/wp\/v2\/posts\/14536\/revisions"}],"predecessor-version":[{"id":14539,"href":"https:\/\/contraluzcucuta.co\/index.php?rest_route=\/wp\/v2\/posts\/14536\/revisions\/14539"}],"wp:featuredmedia":[{"embeddable":true,"href":"https:\/\/contraluzcucuta.co\/index.php?rest_route=\/wp\/v2\/media\/14537"}],"wp:attachment":[{"href":"https:\/\/contraluzcucuta.co\/index.php?rest_route=%2Fwp%2Fv2%2Fmedia&parent=14536"}],"wp:term":[{"taxonomy":"category","embeddable":true,"href":"https:\/\/contraluzcucuta.co\/index.php?rest_route=%2Fwp%2Fv2%2Fcategories&post=14536"},{"taxonomy":"post_tag","embeddable":true,"href":"https:\/\/contraluzcucuta.co\/index.php?rest_route=%2Fwp%2Fv2%2Ftags&post=14536"}],"curies":[{"name":"wp","href":"https:\/\/api.w.org\/{rel}","templated":true}]}}