{"id":14531,"date":"2012-10-27T17:50:00","date_gmt":"2012-10-27T22:50:00","guid":{"rendered":"http:\/\/contraluzcucuta.co\/?p=14531"},"modified":"2012-10-27T17:50:41","modified_gmt":"2012-10-27T22:50:41","slug":"coronel-eliecer-camacho-la-guerrilla-esta-ahogada","status":"publish","type":"post","link":"https:\/\/contraluzcucuta.co\/?p=14531","title":{"rendered":"Coronel Eli\u00e9cer Camacho. &#8220;La guerrilla est\u00e1 ahogada&#8221;"},"content":{"rendered":"<p><strong>C\u00daCUTA.- <\/strong>La paz es posible en Colombia. Los grupos terroristas se dieron cuenta de que el camino que siguieron en 60 a\u00f1os no es el correcto, porque han dejado muertos y sangre. Hace a\u00f1os tuvieron alg\u00fan poder, pero con sus actos arbitrarios y demenciales se encargaron de acabar con la admiraci\u00f3n que les ten\u00edan los ciudadanos. Ahora, tratan de buscar una salida pol\u00edtica, porque a punta de actividades terroristas es imposible.<\/p>\n<p>La reflexi\u00f3n corresponde al comandante de la Polic\u00eda en Norte de Santander, coronel Eli\u00e9cer Camacho. El oficial hizo un repaso de las vivencias de 10 meses en el departamento y al frente de 1700 hombres con los que cuida y protege a los habitantes de los 40 municipios.<\/p>\n<p>Est\u00e1 seguro de que los guerrilleros, en este momento, est\u00e1n concentrados en ciertas regiones y no en todo el pa\u00eds como hace 20 a\u00f1os. \u201cEst\u00e1n arrinconados en ciertos sitios. Son tipos sin intelecto, lo que tienen es coraz\u00f3n de asesinos. Pienso que s\u00ed habr\u00e1 paz en el pa\u00eds. Tenemos que abrir nuestro coraz\u00f3n para que haya paz. El inter\u00e9s (de la guerrilla) es m\u00e1s pol\u00edtico que por hacer el bien. Creo que est\u00e1n ahogados\u201d.<\/p>\n<p>Entre los problemas que ha afrontado en esta zona del pa\u00eds, el coronel Camacho reconoci\u00f3 el secuestro. En d\u00edas pasados, en Chin\u00e1cota, un hombre y tres mujeres fueron v\u00edctimas de plagio. Ese es el \u00faltimo caso del que se tiene conocimiento. \u201cLos ciudadanos deben ayudarnos con la autoprotecci\u00f3n, porque es dif\u00edcil cubrirlo todo. La cercan\u00eda con la frontera favorece a los delincuentes. A veces, si van a traficar se esconden al otro lado. Esconden al secuestrado all\u00e1 (Venezuela) y vienen a negociarlo ac\u00e1\u201d.<\/p>\n<p>Por respeto a las normas venezolanas no se meten en tierra vecina. Llaman a las autoridades, les piden colaboraci\u00f3n y reciben apoyo. \u201cEllos tienen problemas de convivencia m\u00e1s graves. En el d\u00eda a d\u00eda el ciudadano est\u00e1 sufriendo con el hurto, el robo, el sicariato. Colaboran hasta donde pueden\u201d.<\/p>\n<p>En este tiempo ha afrontado situaciones especiales de orden p\u00fablico y ha contado con apoyo de los gobiernos departamental y municipales para combatir a los grupos que act\u00faan al margen de la ley.<\/p>\n<p>El trabajo ejecutado no solo lo resume con capturas e incautaci\u00f3n de droga y de elementos utilizados para desestabilizar la tranquilidad en los cascos urbanos. El recorrer el departamento en cumplimiento del deber lo lleva a expresar que esta es una tierra productiva y calmada.<\/p>\n<p>Una recomendaci\u00f3n que surge de la experiencia: hacer m\u00e1s trabajo social con las comunidades y aprovechar los proyectos que el Gobierno tiene para las comunidades campesinas.<\/p>\n<p><strong>\u00bfC\u00f3mo le ha ido en esta tarea de cuidar a los nortesantandereanos?<\/strong><\/p>\n<p>Tenemos situaciones especiales de orden p\u00fablico que no se pueden desconocer. Hay actividades de los grupos terroristas que han sido de connotaci\u00f3n nacional y departamental. Se puede resaltar la buena labor de parte del gobierno departamental y de la mayor\u00eda de los alcaldes que apoyan a la fuerza p\u00fablica.<\/p>\n<p><strong>\u00bfC\u00f3mo combatir el tr\u00e1fico de combustible?<\/strong><\/p>\n<p>Una parte entra de manera ilegal y es una palanca para que entre m\u00e1s. Eso entra a El Catatumbo para la producci\u00f3n de coca\u00edna. Pocas personas de manera informal viven de eso. Pero si vamos a ver la mayor\u00eda va para la fabricaci\u00f3n ilegal de droga. Muchas veces se evitan los procedimientos no por falta de capacidad sino para evitar mayores problemas. Los gobiernos nacional y departamental son los que deben tomar las medidas necesarias y establecer la cantidad que necesita el departamento. Reconozco que hay mucha gente que vive de eso y como trae cosas buenas tambi\u00e9n trae malas.<\/p>\n<p><strong>\u00bfDe esto qu\u00e9 le corresponde al campesino?<\/strong><\/p>\n<p>Los campesinos no se quedan con las ganancias del negocio de la droga, sino con lo poco que les paguen los propiciadores de los cultivos.\u00a0 El campesino vive en la pobreza, la coca\u00edna no le\u00a0 da para vivir con comodidades. Por el contrario, los afecta en la salud y en lo econ\u00f3mico. No se ve el progreso para los hijos.<\/p>\n<p><strong>\u00bfQu\u00e9 percepci\u00f3n tiene de los grupos guerrilleros?<\/strong><\/p>\n<p>Los terroristas siempre han peleado que por el pueblo, siempre han alegado que defienden al pueblo. Han tenido la oportunidad de cambiar, porque tienen mucha gente que los sigue, porque los admiran o por los miedos, tienen un poder sobre ciertas comunidades y deber\u00edan mirar c\u00f3mo cambian. Lo \u00fanico que siembran es terror, miedo, muerte, y no hay una escuela que se diga la hizo las Farc.<\/p>\n<p><strong>\u00bfCu\u00e1l es la situaci\u00f3n de orden p\u00fablico?<\/strong><\/p>\n<p>No podemos desconocer que hay situaciones especiales de terrorismo. Los actos no demuestran que esos individuos tengan fuerza. No. Es saber ubicar en un momento dado un explosivo y asesinar a una persona. No tiene mayor esfuerzo, pero causa impresi\u00f3n. Hemos desactivado 19 artefactos explosivos este a\u00f1o, se han capturado m\u00e1s de 70 personas dedicadas al terrorismo, se han incautado m\u00e1s de dos toneladas de droga, se han detenido 30 miembros de bandas criminales. Se han decomisado granadas y explosivos.<\/p>\n<p><strong>\u00bfQu\u00e9 es el programa \u2018Coraz\u00f3n Verde\u2019?<\/strong><\/p>\n<p>Es liderado por Presidencia de la Rep\u00fablica. Tiene un componente social, en el que est\u00e1n los programas de la instituci\u00f3n. Las 16 estrategias tienen una secuencia para ser aplicadas. Trabajan la Sijin, la Cipol,\u00a0 la Polic\u00eda de Vigilancia, el Gaula y la direcci\u00f3n de Carabineros. Todos tienen responsabilidades y compromisos.<\/p>\n<p>Est\u00e1 la corresponsabilidad de las autoridades de la fuerza p\u00fablica, gobiernos departamental y municipales, la Fiscal\u00eda y otras instituciones que pueden ayudar a sacar adelante las soluciones a los problemas. La gente nos est\u00e1 acompa\u00f1ando, se deja explicar qu\u00e9 es el programa. Estamos en la primera fase de socializaci\u00f3n.<\/p>\n<p>En el departamento hay asignados 1700 agentes, que por vacaciones, permisos e incapacidades quedan 1100 activos.<\/p>\n<p><em>(*) Entrevista publicada en la edici\u00f3n 9 del peri\u00f3dico El Faro.<\/em><\/p>\n<p><strong>RAFAEL ANTONIO PAB\u00d3N<\/strong><\/p>\n<p><a href=\"mailto:rafaelpabon58@hotmail.com\">rafaelpabon58@hotmail.com<\/a><\/p>\n<p>&nbsp; <\/p>\n","protected":false},"excerpt":{"rendered":"<p>C\u00daCUTA.- La paz es posible en Colombia. Los grupos terroristas se dieron cuenta de que el camino que siguieron en 60 a\u00f1os no es el correcto, porque han dejado muertos y sangre. Hace a\u00f1os tuvieron alg\u00fan poder, pero con sus actos arbitrarios y demenciales se encargaron de acabar con la admiraci\u00f3n que les ten\u00edan los &hellip;<\/p>\n","protected":false},"author":1,"featured_media":14532,"comment_status":"open","ping_status":"open","sticky":false,"template":"","format":"standard","meta":{"footnotes":""},"categories":[17,4],"tags":[511],"class_list":["post-14531","post","type-post","status-publish","format-standard","has-post-thumbnail","hentry","category-conversaciones-a-contraluz","category-barra","tag-coronel-eliecer-camacho"],"_links":{"self":[{"href":"https:\/\/contraluzcucuta.co\/index.php?rest_route=\/wp\/v2\/posts\/14531","targetHints":{"allow":["GET"]}}],"collection":[{"href":"https:\/\/contraluzcucuta.co\/index.php?rest_route=\/wp\/v2\/posts"}],"about":[{"href":"https:\/\/contraluzcucuta.co\/index.php?rest_route=\/wp\/v2\/types\/post"}],"author":[{"embeddable":true,"href":"https:\/\/contraluzcucuta.co\/index.php?rest_route=\/wp\/v2\/users\/1"}],"replies":[{"embeddable":true,"href":"https:\/\/contraluzcucuta.co\/index.php?rest_route=%2Fwp%2Fv2%2Fcomments&post=14531"}],"version-history":[{"count":2,"href":"https:\/\/contraluzcucuta.co\/index.php?rest_route=\/wp\/v2\/posts\/14531\/revisions"}],"predecessor-version":[{"id":14534,"href":"https:\/\/contraluzcucuta.co\/index.php?rest_route=\/wp\/v2\/posts\/14531\/revisions\/14534"}],"wp:featuredmedia":[{"embeddable":true,"href":"https:\/\/contraluzcucuta.co\/index.php?rest_route=\/wp\/v2\/media\/14532"}],"wp:attachment":[{"href":"https:\/\/contraluzcucuta.co\/index.php?rest_route=%2Fwp%2Fv2%2Fmedia&parent=14531"}],"wp:term":[{"taxonomy":"category","embeddable":true,"href":"https:\/\/contraluzcucuta.co\/index.php?rest_route=%2Fwp%2Fv2%2Fcategories&post=14531"},{"taxonomy":"post_tag","embeddable":true,"href":"https:\/\/contraluzcucuta.co\/index.php?rest_route=%2Fwp%2Fv2%2Ftags&post=14531"}],"curies":[{"name":"wp","href":"https:\/\/api.w.org\/{rel}","templated":true}]}}