{"id":14528,"date":"2012-10-27T17:43:06","date_gmt":"2012-10-27T22:43:06","guid":{"rendered":"http:\/\/contraluzcucuta.co\/?p=14528"},"modified":"2012-10-27T17:43:06","modified_gmt":"2012-10-27T22:43:06","slug":"rodolfo-mora-hemos-resistido-y-vamos-a-ganar-la-batalla","status":"publish","type":"post","link":"https:\/\/contraluzcucuta.co\/?p=14528","title":{"rendered":"Rodolfo Mora. \u201cHemos resistido y vamos a ganar la batalla\u201d"},"content":{"rendered":"<p>C\u00daCUTA.- Rodolfo Mora presidente de la federaci\u00f3n Nacional de Comerciantes, seccional Norte de Santander, fue el encargado de la apertura del acto de inauguraci\u00f3n del Instituto Educativo de Fenalco, en C\u00facuta. Entre los invitados destac\u00f3 el presidente nacional del gremio Guillermo Botero.<\/p>\n<p>Inici\u00f3 con una alusi\u00f3n hist\u00f3rica de la campa\u00f1a libertadora y el di\u00e1logo entre Sim\u00f3n Bol\u00edvar y un soldado. \u201cUna vez coronado el p\u00e1ramo de Pisba, el Libertador coment\u00f3 que hab\u00eda perdido los mejores soldados, pero uno de ellos le contest\u00f3: \u2018los mejores somos los que estamos, porque hemos resistido\u2019.<\/p>\n<p>La referencia la tom\u00f3 para aludir a la situaci\u00f3n de Norte de Santander. \u201cHemos resistido y vamos a ganar la batalla\u201d luego de las rupturas de las relaciones con Venezuela, la oleada invernal y la distancia que hay con la \u201cotra Colombia, la Colombia pujante, la envidiada por los europeos, la envidiada por los inversionistas\u201d.<\/p>\n<p>Record\u00f3 que el desastre invernal dej\u00f3 en el departamento consecuencias funestas y la falta de apoyo del Gobierno, a pesar de que en un momento se pens\u00f3 que la regi\u00f3n recibir\u00eda buena parte de los $ 16 billones presupuestados para la reconstrucci\u00f3n del pa\u00eds.<\/p>\n<p>Habl\u00f3 de la tragedia en Gramalote y calific\u00f3 la desatenci\u00f3n oficial como \u201cun acto de desconsideraci\u00f3n y cinismo por parte de las autoridades nacionales\u201d, porque los gramaloteros no han recibido el mismo trato que se les ha dado a otras tragedias en el pa\u00eds.<\/p>\n<p>Los afectados siguieron, entre desesperanzados y desesperados, el lento trascurrir de los estudios para la escogencia del sitio donde quedar\u00eda el Nuevo Gramalote. El 25 de septiembre de 2011, la ministra de ambiente y vivienda Beatriz Uribe dijo: \u201cLuego de rigurosos estudios geol\u00f3gicos y geomorfol\u00f3gicos y de los resultados del diagn\u00f3stico desarrollado por Servivienda, la comisi\u00f3n intersectorial decidi\u00f3 al sector Pomarroso, en la vereda Valderrama, como el sitio definitivo para reasentar el nuevo casco urbano de Gramalote\u201d. Simb\u00f3licamente puso la primera piedra.<\/p>\n<p>Despu\u00e9s, el proyecto qued\u00f3 en manos del Fondo de Adaptaci\u00f3n que decidi\u00f3 desconocer lo concluido por Ingeominas. \u201cTrascurrido otro largo a\u00f1o nos tienen esperando el resultado de unos estudios en los terrenos descartados por Ingeominas\u201d.<\/p>\n<p>Otro asunto que expuso es el presidente seccional de Fenalco es el relacionado con El Catatubo. Record\u00f3 que\u00a0 el presidente Juan Manuel Santos anunci\u00f3 el Conpes por m\u00e1s de $ 3,0 billones para inversi\u00f3n en esa regi\u00f3n, de los cuales $ 238.000 millones, ser\u00edan ejecutados en este semestre.<\/p>\n<p>\u201cCon cierto optimismo escribimos nuestra acostumbrada carta de Fenalco con el t\u00edtulo \u2018Razones para creer\u2019. Hasta el d\u00eda de hoy no hay nada de ejecuci\u00f3n y el senador Iv\u00e1n Clavijo inform\u00f3 que solo quedaron presupuestados $ 162.000 millones para el a\u00f1o entrante. Eso no alcanza ni para arreglar los sitios cr\u00edticos resultantes de la oleada invernal en las carreteras que a estas horas no se han arreglado\u201d.<\/p>\n<p>&nbsp; <\/p>\n","protected":false},"excerpt":{"rendered":"<p>C\u00daCUTA.- Rodolfo Mora presidente de la federaci\u00f3n Nacional de Comerciantes, seccional Norte de Santander, fue el encargado de la apertura del acto de inauguraci\u00f3n del Instituto Educativo de Fenalco, en C\u00facuta. Entre los invitados destac\u00f3 el presidente nacional del gremio Guillermo Botero. Inici\u00f3 con una alusi\u00f3n hist\u00f3rica de la campa\u00f1a libertadora y el di\u00e1logo entre &hellip;<\/p>\n","protected":false},"author":1,"featured_media":14529,"comment_status":"open","ping_status":"open","sticky":false,"template":"","format":"standard","meta":{"footnotes":""},"categories":[4,9],"tags":[510],"class_list":["post-14528","post","type-post","status-publish","format-standard","has-post-thumbnail","hentry","category-barra","category-politica","tag-rodolfo-mora-mora"],"_links":{"self":[{"href":"https:\/\/contraluzcucuta.co\/index.php?rest_route=\/wp\/v2\/posts\/14528","targetHints":{"allow":["GET"]}}],"collection":[{"href":"https:\/\/contraluzcucuta.co\/index.php?rest_route=\/wp\/v2\/posts"}],"about":[{"href":"https:\/\/contraluzcucuta.co\/index.php?rest_route=\/wp\/v2\/types\/post"}],"author":[{"embeddable":true,"href":"https:\/\/contraluzcucuta.co\/index.php?rest_route=\/wp\/v2\/users\/1"}],"replies":[{"embeddable":true,"href":"https:\/\/contraluzcucuta.co\/index.php?rest_route=%2Fwp%2Fv2%2Fcomments&post=14528"}],"version-history":[{"count":1,"href":"https:\/\/contraluzcucuta.co\/index.php?rest_route=\/wp\/v2\/posts\/14528\/revisions"}],"predecessor-version":[{"id":14530,"href":"https:\/\/contraluzcucuta.co\/index.php?rest_route=\/wp\/v2\/posts\/14528\/revisions\/14530"}],"wp:featuredmedia":[{"embeddable":true,"href":"https:\/\/contraluzcucuta.co\/index.php?rest_route=\/wp\/v2\/media\/14529"}],"wp:attachment":[{"href":"https:\/\/contraluzcucuta.co\/index.php?rest_route=%2Fwp%2Fv2%2Fmedia&parent=14528"}],"wp:term":[{"taxonomy":"category","embeddable":true,"href":"https:\/\/contraluzcucuta.co\/index.php?rest_route=%2Fwp%2Fv2%2Fcategories&post=14528"},{"taxonomy":"post_tag","embeddable":true,"href":"https:\/\/contraluzcucuta.co\/index.php?rest_route=%2Fwp%2Fv2%2Ftags&post=14528"}],"curies":[{"name":"wp","href":"https:\/\/api.w.org\/{rel}","templated":true}]}}