{"id":14525,"date":"2012-10-27T17:39:23","date_gmt":"2012-10-27T22:39:23","guid":{"rendered":"http:\/\/contraluzcucuta.co\/?p=14525"},"modified":"2012-10-27T17:39:23","modified_gmt":"2012-10-27T22:39:23","slug":"francisco-galan-el-perdon-no-es-una-tarea-facil","status":"publish","type":"post","link":"https:\/\/contraluzcucuta.co\/?p=14525","title":{"rendered":"\u2018Francisco Gal\u00e1n\u2019. \u201cEl perd\u00f3n no es una tarea f\u00e1cil\u201d"},"content":{"rendered":"<p>OCA\u00d1A.- \u2018Francisco Gal\u00e1n\u2019, exhombre duro del Ej\u00e9rcito de Liberaci\u00f3n Nacional (Eln), recorre el pa\u00eds para hablar de paz. En Oca\u00f1a se reuni\u00f3 con los alcaldes de la provincia para instalar las mesas.<\/p>\n<p>&#8211;\u00a0\u00a0\u00a0\u00a0\u00a0\u00a0\u00a0\u00a0 <em>Creo que tenemos que levantar el pa\u00eds en favor de la paz. Ha llegado el momento en el que desde los municipios, desde los departamentos y desde las comunidades trabajemos para consolidar la paz.<\/em><\/p>\n<p>El Gobierno y las Fuerzas Armadas Revolucionarias de Colombia (Farc) iniciaron, a comienzos de octubre, el proceso de acercamiento para devolverles a los colombianos la tranquilidad. Los di\u00e1logos iniciaron en Oslo (Noruega), se trasladar\u00e1n a La Habana (Cuba) y tendr\u00e1n repercusi\u00f3n en Colombia.<\/p>\n<p>En ese proceso no est\u00e1 incluido el Eln, por lo que el exl\u00edder subversivo estim\u00f3 que ser\u00e1 incompleto. \u2018Gal\u00e1n\u2019 abandon\u00f3 las filas guerrilleras cinco a\u00f1os atr\u00e1s. Ahora, no mantiene v\u00ednculos con los mandos, solo est\u00e1 dedicado a trabajar por la paz.<\/p>\n<p>&#8211;\u00a0\u00a0\u00a0\u00a0\u00a0\u00a0\u00a0\u00a0 <em>Es importante que antes de llegar a las mesas de conversaciones las guerrillas tomen la decisi\u00f3n interna de abandonar las armas, de lo contrario se convierte en un espacio improductivo que se perder\u00e1.<\/em><\/p>\n<p>El tiempo que se tomen los comandantes de las Farc para asumir la determinaci\u00f3n es importante para que el proceso de paz tenga soluci\u00f3n definitiva y termine el conflicto armado que ha desgastado al pa\u00eds en las \u00faltimas cinco d\u00e9cadas.<\/p>\n<p>El proceso va r\u00e1pido. Meses atr\u00e1s se devel\u00f3 la intenci\u00f3n del Gobierno de abrirles las puertas a los subversivos para que regresen a la vida civil. Gobiernos extranjeros han prestado atenci\u00f3n a la voluntad de trabajar por la paz para acabar con tantos a\u00f1os de conflicto.<\/p>\n<p>&#8211;\u00a0\u00a0\u00a0\u00a0\u00a0\u00a0\u00a0\u00a0 <em>Llegar\u00e1 un momento despu\u00e9s, en el posconflicto, que tambi\u00e9n ser\u00e1 dif\u00edcil, y eso debe servir para consolidar la paz en los territorios. <\/em><\/p>\n<p>Las alcald\u00edas, el Ministerio del Interior y la Federaci\u00f3n Colombiana de Municipios buscan c\u00f3mo implementar en el pa\u00eds los acuerdos que se logren en la mesa de conversaciones.<\/p>\n<p>El trabajo est\u00e1 encaminado a alcanzar el concepto de democratizaci\u00f3n de la tierra. Los alcaldes jugar\u00e1n un papel importante y tendr\u00e1n que erigirse como la autoridad real de los territorios, para trabajar los temas que tienen que ver con el ordenamiento territorial, la devoluci\u00f3n de las propiedades, el retorno de la gente a los territorios de donde fueron desalojados.<\/p>\n<p>&#8211;\u00a0\u00a0\u00a0\u00a0\u00a0\u00a0\u00a0\u00a0 <em>La primera garant\u00eda es que la guerrilla deje las armas. Mientras mantengan las armas es dif\u00edcil garantizar que no vaya a pasar nada. Lo segundo, es tener en cuenta que una vez que se ha desmontado la estructura guerrillera, esa estructura ayudar\u00e1 a cuidar y a construir con el Estado las garant\u00edas necesarias para que el movimiento pol\u00edtico que nazca despu\u00e9s de haber dejado las armas tenga vigencia y actualizaci\u00f3n, de acuerdo con las pol\u00edticas que desarrolle.<\/em><\/p>\n<p>\u2018Francisco Gal\u00e1n\u2019 guarda la esperanza que as\u00ed sea, aunque no est\u00e1 seguro que haya o no voluntad real de paz en este momento, porque tiene que haber un espacio para la reconciliaci\u00f3n entre unos y otros.<\/p>\n<p>&#8211;\u00a0\u00a0\u00a0\u00a0\u00a0\u00a0\u00a0\u00a0 <em>En eso nos tenemos que concentrar todos. El perd\u00f3n no es una tarea f\u00e1cil, es una tarea larga, una misi\u00f3n humana que va a requerir de los victimarios y de las v\u00edctimas. De manera que creo que al lado del desmonte de la guerrilla debe haber un largo camino de reconciliaci\u00f3n.<\/em><\/p>\n<p>\u2018Gal\u00e1n\u2019 permanecer\u00e1 atento a las conclusiones de las conversaciones entre Gobierno y guerrilla. Est\u00e1 seguro de que despu\u00e9s comenzar\u00e1 \u00a0la gesti\u00f3n de implementaci\u00f3n.<\/p>\n<p>&#8211;\u00a0\u00a0\u00a0\u00a0\u00a0\u00a0\u00a0\u00a0 <em>Ahora, lo que tenemos que hacer es sensibilizar y preparar las condiciones para cuando ese momento se d\u00e9.<\/em><\/p>\n<p><strong>\u00a0(*) Entrevista concedida a Carlos Forero (Net Noticias) y Pedro Infante (Noticias y Deportes)<\/strong> <\/p>\n","protected":false},"excerpt":{"rendered":"<p>OCA\u00d1A.- \u2018Francisco Gal\u00e1n\u2019, exhombre duro del Ej\u00e9rcito de Liberaci\u00f3n Nacional (Eln), recorre el pa\u00eds para hablar de paz. En Oca\u00f1a se reuni\u00f3 con los alcaldes de la provincia para instalar las mesas. &#8211;\u00a0\u00a0\u00a0\u00a0\u00a0\u00a0\u00a0\u00a0 Creo que tenemos que levantar el pa\u00eds en favor de la paz. Ha llegado el momento en el que desde los municipios, &hellip;<\/p>\n","protected":false},"author":1,"featured_media":14526,"comment_status":"open","ping_status":"open","sticky":false,"template":"","format":"standard","meta":{"footnotes":""},"categories":[17,4],"tags":[509],"class_list":["post-14525","post","type-post","status-publish","format-standard","has-post-thumbnail","hentry","category-conversaciones-a-contraluz","category-barra","tag-francisco-galan"],"_links":{"self":[{"href":"https:\/\/contraluzcucuta.co\/index.php?rest_route=\/wp\/v2\/posts\/14525","targetHints":{"allow":["GET"]}}],"collection":[{"href":"https:\/\/contraluzcucuta.co\/index.php?rest_route=\/wp\/v2\/posts"}],"about":[{"href":"https:\/\/contraluzcucuta.co\/index.php?rest_route=\/wp\/v2\/types\/post"}],"author":[{"embeddable":true,"href":"https:\/\/contraluzcucuta.co\/index.php?rest_route=\/wp\/v2\/users\/1"}],"replies":[{"embeddable":true,"href":"https:\/\/contraluzcucuta.co\/index.php?rest_route=%2Fwp%2Fv2%2Fcomments&post=14525"}],"version-history":[{"count":1,"href":"https:\/\/contraluzcucuta.co\/index.php?rest_route=\/wp\/v2\/posts\/14525\/revisions"}],"predecessor-version":[{"id":14527,"href":"https:\/\/contraluzcucuta.co\/index.php?rest_route=\/wp\/v2\/posts\/14525\/revisions\/14527"}],"wp:featuredmedia":[{"embeddable":true,"href":"https:\/\/contraluzcucuta.co\/index.php?rest_route=\/wp\/v2\/media\/14526"}],"wp:attachment":[{"href":"https:\/\/contraluzcucuta.co\/index.php?rest_route=%2Fwp%2Fv2%2Fmedia&parent=14525"}],"wp:term":[{"taxonomy":"category","embeddable":true,"href":"https:\/\/contraluzcucuta.co\/index.php?rest_route=%2Fwp%2Fv2%2Fcategories&post=14525"},{"taxonomy":"post_tag","embeddable":true,"href":"https:\/\/contraluzcucuta.co\/index.php?rest_route=%2Fwp%2Fv2%2Ftags&post=14525"}],"curies":[{"name":"wp","href":"https:\/\/api.w.org\/{rel}","templated":true}]}}