{"id":14522,"date":"2012-10-27T17:32:12","date_gmt":"2012-10-27T22:32:12","guid":{"rendered":"http:\/\/contraluzcucuta.co\/?p=14522"},"modified":"2012-10-27T17:32:12","modified_gmt":"2012-10-27T22:32:12","slug":"avenida-kennedy-estara-lista-en-noviembre","status":"publish","type":"post","link":"https:\/\/contraluzcucuta.co\/?p=14522","title":{"rendered":"Avenida Kennedy estar\u00e1 lista en noviembre"},"content":{"rendered":"<p><strong>C\u00daCUTA.-<\/strong> Amparo D\u00edaz, delegada por los secretarios de Infraestructura, Oswaldo Rivera, y del \u00c1rea Metropolitana, Ricardo Ram\u00edrez, respondi\u00f3 las inquietudes de los concejales de C\u00facuta sobre el avance de la pavimentaci\u00f3n de la Avenida Kennedy.<\/p>\n<p>La funcionaria cont\u00f3 que se han tenido peque\u00f1os retrasos en la obra, que obedecen a las continuas y sorpresivas lluvias de los \u00faltimos d\u00edas en la ciudad. Los aguaceros obligaron al gobierno municipal a activar un plan de contingencia, consistente en construir drenajes en la v\u00eda rehabilitada. La acci\u00f3n que ha permitido continuar con los trabajos.<\/p>\n<p>Las cuadrillas de hombres dispuestos para cumplir con la \u00a0intervenci\u00f3n de la v\u00eda trabajan d\u00eda y noche, y horas extras para cumplir el compromiso. Seg\u00fan los tiempos estimados de entrega, la obra avanza positivamente, teniendo en cuenta que la avenida Kennedy deber\u00e1 ser entregada antes del 23 de noviembre, para el inicio de los Juegos Paranacionales.<\/p>\n<p>\u201cEn lo los Juegos Nacionales, que comenzar\u00e1n el 3 de noviembre, no ser\u00e1 utilizado el estadio Centenario. Por esta raz\u00f3n garantizamos que la avenida Kennedy estar\u00e1 lista para los juegos Paranacionales\u201d, precis\u00f3 Amparo D\u00edaz.<\/p>\n<p>Los concejales quedaron satisfechos con las respuestas de la funcionaria. V\u00edctor Daza hab\u00eda solicitado la citaci\u00f3n de los titulares de los despachos de Infraestructura y \u00c1rea Metropolitana.<\/p>\n<p>&nbsp;<\/p>\n<p>&nbsp; <\/p>\n","protected":false},"excerpt":{"rendered":"<p>C\u00daCUTA.- Amparo D\u00edaz, delegada por los secretarios de Infraestructura, Oswaldo Rivera, y del \u00c1rea Metropolitana, Ricardo Ram\u00edrez, respondi\u00f3 las inquietudes de los concejales de C\u00facuta sobre el avance de la pavimentaci\u00f3n de la Avenida Kennedy. La funcionaria cont\u00f3 que se han tenido peque\u00f1os retrasos en la obra, que obedecen a las continuas y sorpresivas lluvias &hellip;<\/p>\n","protected":false},"author":1,"featured_media":14523,"comment_status":"open","ping_status":"open","sticky":false,"template":"","format":"standard","meta":{"footnotes":""},"categories":[36],"tags":[508],"class_list":["post-14522","post","type-post","status-publish","format-standard","has-post-thumbnail","hentry","category-la-voz-del-pueblo","tag-avenida-kennedy"],"_links":{"self":[{"href":"https:\/\/contraluzcucuta.co\/index.php?rest_route=\/wp\/v2\/posts\/14522","targetHints":{"allow":["GET"]}}],"collection":[{"href":"https:\/\/contraluzcucuta.co\/index.php?rest_route=\/wp\/v2\/posts"}],"about":[{"href":"https:\/\/contraluzcucuta.co\/index.php?rest_route=\/wp\/v2\/types\/post"}],"author":[{"embeddable":true,"href":"https:\/\/contraluzcucuta.co\/index.php?rest_route=\/wp\/v2\/users\/1"}],"replies":[{"embeddable":true,"href":"https:\/\/contraluzcucuta.co\/index.php?rest_route=%2Fwp%2Fv2%2Fcomments&post=14522"}],"version-history":[{"count":1,"href":"https:\/\/contraluzcucuta.co\/index.php?rest_route=\/wp\/v2\/posts\/14522\/revisions"}],"predecessor-version":[{"id":14524,"href":"https:\/\/contraluzcucuta.co\/index.php?rest_route=\/wp\/v2\/posts\/14522\/revisions\/14524"}],"wp:featuredmedia":[{"embeddable":true,"href":"https:\/\/contraluzcucuta.co\/index.php?rest_route=\/wp\/v2\/media\/14523"}],"wp:attachment":[{"href":"https:\/\/contraluzcucuta.co\/index.php?rest_route=%2Fwp%2Fv2%2Fmedia&parent=14522"}],"wp:term":[{"taxonomy":"category","embeddable":true,"href":"https:\/\/contraluzcucuta.co\/index.php?rest_route=%2Fwp%2Fv2%2Fcategories&post=14522"},{"taxonomy":"post_tag","embeddable":true,"href":"https:\/\/contraluzcucuta.co\/index.php?rest_route=%2Fwp%2Fv2%2Ftags&post=14522"}],"curies":[{"name":"wp","href":"https:\/\/api.w.org\/{rel}","templated":true}]}}