{"id":14417,"date":"2012-10-22T22:23:36","date_gmt":"2012-10-23T03:23:36","guid":{"rendered":"http:\/\/contraluzcucuta.co\/?p=14417"},"modified":"2012-10-22T22:23:54","modified_gmt":"2012-10-23T03:23:54","slug":"avenida-del-rio-clama-mantenimiento","status":"publish","type":"post","link":"https:\/\/contraluzcucuta.co\/?p=14417","title":{"rendered":"Avenida del r\u00edo clama mantenimiento"},"content":{"rendered":"<p>C\u00daCUTA.- La Avenida del R\u00edo, que une a la Avenida Los Libertadores con<br \/>\nel anillo vial, en la zona oriental de C\u00facuta, presenta deficiencias en el<br \/>\nmantenimiento de los colectores de aguas lluvias. En algunos el nivel<br \/>\nde abandono est\u00e1 evidenciado por las plantas que han crecido y que no<br \/>\npermiten que cumplan la funci\u00f3n para los cuales se construyeron.<br \/>\nLa v\u00eda fue inaugurada hace 13 a\u00f1os, en la administraci\u00f3n municipal de<br \/>\nManuel Guillermo Mora Jaramillo.<br \/>\nEl 31 de mayo, el alcalde Donamaris Ram\u00edrez encabez\u00f3 las labores de<br \/>\nlimpieza de la Avenida del R\u00edo. En esa ocasi\u00f3n anunci\u00f3 que embellecer\u00eda<br \/>\nel trayecto para que reluciera el d\u00eda de la inauguraci\u00f3n del puente Enrique<br \/>\nCuadros Corredor.<br \/>\n\u201cLos accesos al puente quedar\u00e1n iluminados y pavimentados, el paseo del<br \/>\nr\u00edo ser\u00e1 atendido. La Alcald\u00eda no descuidar\u00e1 ni permitir\u00e1 que se deteriore\u201d,<br \/>\ndijo el jefe del gobierno cucute\u00f1o en ese momento.<br \/>\nEl anunciado embellecimiento no lleg\u00f3 y la maleza crece en gran parte<br \/>\ndel recorrido. La jornada de limpieza, en septiembre, a cargo de Aseo<br \/>\nUrbano cubri\u00f3 500 de los 3500 metros de la v\u00eda. Los recibos mensuales<br \/>\ncobran a cada predio del sector $ 3020 por \u201cBarrido y\/o limpieza de \u00e1reas<br \/>\np\u00fablicas\u201d.<br \/>\nSiguen sin pavimentarse los accesos al puente Cuadro Corredor,<br \/>\ninaugurado el 16 de julio; las \u2018orejas\u2019 escasamente tienen tres metros de<br \/>\nancho y los sardineles cuando se construyeron usaron formaletas que<br \/>\ndejan \u00e1ngulos en los empalmes.<br \/>\nFoto: Liga del Consumidor <\/p>\n","protected":false},"excerpt":{"rendered":"<p>C\u00daCUTA.- La Avenida del R\u00edo, que une a la Avenida Los Libertadores con el anillo vial, en la zona oriental de C\u00facuta, presenta deficiencias en el mantenimiento de los colectores de aguas lluvias. En algunos el nivel de abandono est\u00e1 evidenciado por las plantas que han crecido y que no permiten que cumplan la funci\u00f3n &hellip;<\/p>\n","protected":false},"author":1,"featured_media":14418,"comment_status":"open","ping_status":"open","sticky":false,"template":"","format":"standard","meta":{"footnotes":""},"categories":[36],"tags":[],"class_list":["post-14417","post","type-post","status-publish","format-standard","has-post-thumbnail","hentry","category-la-voz-del-pueblo"],"_links":{"self":[{"href":"https:\/\/contraluzcucuta.co\/index.php?rest_route=\/wp\/v2\/posts\/14417","targetHints":{"allow":["GET"]}}],"collection":[{"href":"https:\/\/contraluzcucuta.co\/index.php?rest_route=\/wp\/v2\/posts"}],"about":[{"href":"https:\/\/contraluzcucuta.co\/index.php?rest_route=\/wp\/v2\/types\/post"}],"author":[{"embeddable":true,"href":"https:\/\/contraluzcucuta.co\/index.php?rest_route=\/wp\/v2\/users\/1"}],"replies":[{"embeddable":true,"href":"https:\/\/contraluzcucuta.co\/index.php?rest_route=%2Fwp%2Fv2%2Fcomments&post=14417"}],"version-history":[{"count":3,"href":"https:\/\/contraluzcucuta.co\/index.php?rest_route=\/wp\/v2\/posts\/14417\/revisions"}],"predecessor-version":[{"id":14421,"href":"https:\/\/contraluzcucuta.co\/index.php?rest_route=\/wp\/v2\/posts\/14417\/revisions\/14421"}],"wp:featuredmedia":[{"embeddable":true,"href":"https:\/\/contraluzcucuta.co\/index.php?rest_route=\/wp\/v2\/media\/14418"}],"wp:attachment":[{"href":"https:\/\/contraluzcucuta.co\/index.php?rest_route=%2Fwp%2Fv2%2Fmedia&parent=14417"}],"wp:term":[{"taxonomy":"category","embeddable":true,"href":"https:\/\/contraluzcucuta.co\/index.php?rest_route=%2Fwp%2Fv2%2Fcategories&post=14417"},{"taxonomy":"post_tag","embeddable":true,"href":"https:\/\/contraluzcucuta.co\/index.php?rest_route=%2Fwp%2Fv2%2Ftags&post=14417"}],"curies":[{"name":"wp","href":"https:\/\/api.w.org\/{rel}","templated":true}]}}