{"id":14407,"date":"2012-10-21T12:33:06","date_gmt":"2012-10-21T17:33:06","guid":{"rendered":"http:\/\/contraluzcucuta.co\/?p=14407"},"modified":"2012-10-21T12:33:06","modified_gmt":"2012-10-21T17:33:06","slug":"martin-martinez-donde-he-estado-he-dejado-huella","status":"publish","type":"post","link":"https:\/\/contraluzcucuta.co\/?p=14407","title":{"rendered":"Mart\u00edn Mart\u00ednez. Donde he estado he dejado huella"},"content":{"rendered":"<p><span style=\"text-decoration: underline;\">C\u00daCUTA.- <\/span>Un nuevo rumbo tomar\u00e1 la vida de Mart\u00edn Alfonso Mart\u00ednez Valero. El \u00faltimo a\u00f1o lo vivi\u00f3 entre los compromisos profesionales, los asuntos personales y los recuerdos pol\u00edticos. Ahora, prepara las alforjas para viajar a caracas y asumir el cargo de Vicec\u00f3nsul de Colombia.<\/p>\n<p>La vida diplom\u00e1tica lo aguarda en la capital venezolana y en ese mundo se mover\u00e1, por lo menos, en los pr\u00f3ximos 24 meses, porque el anhelo de ser Gobernador de Norte de Santander se mantiene intacto, como hasta mediados del 2011, cuando dio un paso al costado para permitir la candidatura de Juan Alcides Santaella en representaci\u00f3n del Partido Conservador.<\/p>\n<p>\u201cDentro de mis proyecciones pol\u00edticas no hab\u00eda contemplado la posibilidad de entrar a la diplomacia colombiana. Creo que es un reto importante, tanto por experiencia como por hoja de vida. Las labores que se cumplen corresponden al Estado, que hace presencia en un pa\u00eds vecino amigo\u201d, dijo al regreso de Bogot\u00e1 donde se prepar\u00f3, durante 15 d\u00edas, para cumplir con lo mandado por la Canciller\u00eda.<\/p>\n<p>Est\u00e1 pendiente solo del viaje hacia la capital venezolana para comenzar a despachar. En las maletas lleva proyectos, iniciativas, deseos de trabajar por la regi\u00f3n y anhelos de volver cargado de experiencias y conocimientos para ponerlos en pr\u00e1ctica a favor del departamento.<\/p>\n<p>\u201cTeniendo una persona de Norte de Santander en Caracas, al lado del embajador y del gobierno venezolano, podemos intentar abrir una puerta, un espacio, para ganar cierto favorecimiento en las relaciones que siempre deben ser positivas y de buen ambiente, porque los afectados son los habitantes de la frontera\u201d.<\/p>\n<p>Colombia tiene embajadas en 60 pa\u00edses y dentro de esas oficinas est\u00e1n los consulados. La embajada es la encargada de los asuntos comerciales, diplom\u00e1ticos y relaciones binacionales. Los consulados hacen la parte operativa y t\u00e9cnica. \u201cEsto no significa que no se puedan buscar proyectos para el departamento\u201d, dijo Mart\u00edn Mart\u00ednez al aclarar cu\u00e1l ser\u00e1 la responsabilidad que asume.<\/p>\n<p>El 7 de octubre, los venezolanos fueron a las urnas. Con Ch\u00e1vez en el poder por otro periodo Colombia debe seguir con las buenas relaciones como hasta ahora lo ha logrado, luego de la ruptura por varios a\u00f1os, propiciada por las desavenencias entre el mandatario venezolano y \u00c1lvaro Uribe.<\/p>\n<p>La situaci\u00f3n perjudic\u00f3 a la frontera. Norte de Santander vive de la gasolina producida por los vecinos. El departamento importa combustible y los informales venden el tra\u00eddo por encargo, por oficio y por negocio. \u201cDebemos ser prudentes y trabajar con el ganador. Lo importante es que se mantengan las buenas relaciones\u201d.<\/p>\n<p>Mart\u00edn Mart\u00ednez sac\u00f3 a relucir su caracter\u00edstica cuando ha estado al frente de un despacho oficial, ser de puertas abiertas. El Consulado de Colombia en Caracas es la oficina que m\u00e1s se mueve de las que hay en el mundo. En esta dependencia hay registrados 1260 colombianos y se cree que solo en la capital hay m\u00e1s de dos millones de nacionales.<\/p>\n<p>\u201cEn Caracas, a partir del d\u00eda de mi posesi\u00f3n, habr\u00e1 un nortesantandereano, un colombiano, dispuesto a atender a todos los conciudadanos de la mejor manera posible\u201d, dijo.<\/p>\n<p>El vivir en la frontera le da puntos positivos para desempe\u00f1ar el cargo y cumplir la meta clara y precisa que se ha trazado. \u201cDonde he estado he dejado huella. Quiero hacer una buena labor t\u00e9cnicamente en el Consulado, pero pol\u00edticamente de ambiente con el Gobierno, y hacer contactos con los empresarios\u201d<\/p>\n<p>Al partir dej\u00f3 una sentencia \u201ca Norte de Santander vuelvo\u201d. La diplomacia lo tendr\u00e1 prestado unos meses y la pol\u00edtica lo recuperar\u00e1 al cumplir la misi\u00f3n, porque en la cabeza dan vueltas las ideas que tiene para aplicar en el departamento. \u201cEstar\u00e9 ac\u00e1, en el 2015, con un proyecto que tengo para octubre. No he abandonado la proyecci\u00f3n profesional. Esta experiencia es temporal. Vendr\u00e9 cargado de entusiasmo, conocimientos y \u00e1nimos\u201d.<\/p>\n<p>&nbsp;<\/p>\n<p>*****<\/p>\n<p><strong>PERFIL<\/strong><\/p>\n<p>Soy retirado de la Armada Nacional, ingeniero industrial, especialista en finanzas internacionales, gerencia de empresas, gesti\u00f3n p\u00fablica. Muy joven arranqu\u00e9 como docente en cuatro universidades de C\u00facuta. Fui secretario y fundador de la facultad de ingenier\u00eda industrial de la Universidad Libre.<\/p>\n<p>Fui jefe de desarrollo empresarial del Sena, en la regional de Norte de Santander. Me retir\u00e9 para aspirar al Concejo de C\u00facuta. En 1997, logr\u00e9 la votaci\u00f3n mayoritaria de mi partido (Conservador). Fui asesor de la primera vicepresidencia del senado, pas\u00e9 al Sena de nuevo, regres\u00e9 a la ciudad para asumir la Secretar\u00eda de Asuntos Internacionales de la Alcald\u00eda, director y mont\u00e9 el proceso de Metroseguridad, encargado de Tr\u00e1nsito Municipal.<\/p>\n<p>Entre el 2006 y el 2007, Secretario de Hacienda del Municipio, pas\u00e9 a la secretar\u00eda de Hacienda de Norte de Santander (2008-2009). Dirig\u00ed, en televisi\u00f3n, el programa El Norte que somos. Hoy estoy dedicado al sector privado.<\/p>\n<p>He alternado en mi vida la parte p\u00fablica con la privada. Eso me ha dado un bagaje importante de la administraci\u00f3n p\u00fablica.<\/p>\n<p>RAFAEL ANTONIO PABON<\/p>\n<p><a href=\"mailto:rafaelpabon58@hotmail.com\">rafaelpabon58@hotmail.com<\/a><\/p>\n<p>&nbsp; <\/p>\n","protected":false},"excerpt":{"rendered":"<p>C\u00daCUTA.- Un nuevo rumbo tomar\u00e1 la vida de Mart\u00edn Alfonso Mart\u00ednez Valero. El \u00faltimo a\u00f1o lo vivi\u00f3 entre los compromisos profesionales, los asuntos personales y los recuerdos pol\u00edticos. Ahora, prepara las alforjas para viajar a caracas y asumir el cargo de Vicec\u00f3nsul de Colombia. La vida diplom\u00e1tica lo aguarda en la capital venezolana y en &hellip;<\/p>\n","protected":false},"author":1,"featured_media":14408,"comment_status":"open","ping_status":"open","sticky":false,"template":"","format":"standard","meta":{"footnotes":""},"categories":[17,4],"tags":[505],"class_list":["post-14407","post","type-post","status-publish","format-standard","has-post-thumbnail","hentry","category-conversaciones-a-contraluz","category-barra","tag-martin-alonso-martinez-valero"],"_links":{"self":[{"href":"https:\/\/contraluzcucuta.co\/index.php?rest_route=\/wp\/v2\/posts\/14407","targetHints":{"allow":["GET"]}}],"collection":[{"href":"https:\/\/contraluzcucuta.co\/index.php?rest_route=\/wp\/v2\/posts"}],"about":[{"href":"https:\/\/contraluzcucuta.co\/index.php?rest_route=\/wp\/v2\/types\/post"}],"author":[{"embeddable":true,"href":"https:\/\/contraluzcucuta.co\/index.php?rest_route=\/wp\/v2\/users\/1"}],"replies":[{"embeddable":true,"href":"https:\/\/contraluzcucuta.co\/index.php?rest_route=%2Fwp%2Fv2%2Fcomments&post=14407"}],"version-history":[{"count":2,"href":"https:\/\/contraluzcucuta.co\/index.php?rest_route=\/wp\/v2\/posts\/14407\/revisions"}],"predecessor-version":[{"id":14410,"href":"https:\/\/contraluzcucuta.co\/index.php?rest_route=\/wp\/v2\/posts\/14407\/revisions\/14410"}],"wp:featuredmedia":[{"embeddable":true,"href":"https:\/\/contraluzcucuta.co\/index.php?rest_route=\/wp\/v2\/media\/14408"}],"wp:attachment":[{"href":"https:\/\/contraluzcucuta.co\/index.php?rest_route=%2Fwp%2Fv2%2Fmedia&parent=14407"}],"wp:term":[{"taxonomy":"category","embeddable":true,"href":"https:\/\/contraluzcucuta.co\/index.php?rest_route=%2Fwp%2Fv2%2Fcategories&post=14407"},{"taxonomy":"post_tag","embeddable":true,"href":"https:\/\/contraluzcucuta.co\/index.php?rest_route=%2Fwp%2Fv2%2Ftags&post=14407"}],"curies":[{"name":"wp","href":"https:\/\/api.w.org\/{rel}","templated":true}]}}