{"id":14404,"date":"2012-10-21T12:16:19","date_gmt":"2012-10-21T17:16:19","guid":{"rendered":"http:\/\/contraluzcucuta.co\/?p=14404"},"modified":"2012-10-21T12:16:19","modified_gmt":"2012-10-21T17:16:19","slug":"embellecen-avenida-demetrio-mendoza","status":"publish","type":"post","link":"https:\/\/contraluzcucuta.co\/?p=14404","title":{"rendered":"Embellecen Avenida Demetrio Mendoza"},"content":{"rendered":"<p><strong>C\u00daCUTA.-<\/strong> M\u00e1s de mil \u00e1rboles fueron plantados en la Avenida Demetrio Mendoza, que lleva de C\u00facuta a Ure\u00f1a Venezuela. La jornada se cumpli\u00f3 este 21 de octubre con participaci\u00f3n de varios organismos comprometidos con la naturaleza y el embellecimiento de las v\u00edas locales.<\/p>\n<p>La Concesionaria San Sim\u00f3n S.A., la Corporaci\u00f3n Aut\u00f3noma Regional de la frontera NorOriental (Corponor), la Iglesia Cristiana Adventista del S\u00e9ptima D\u00eda, la Polic\u00eda de Tr\u00e1nsito y Trasporte y la Polic\u00eda Metropolitana participaron en la actividad.<\/p>\n<p>La jornada se cumpli\u00f3 en diferentes sectores entre la glorieta de Los Panches (Silla Coja) y el peaje de El Escobal. En el separador del corredor vial se plantaron arbustos ornamentales (durantas y ecsoras) y urapos, coralitos, lluvia de oro, palmas para\u00edso, guayacanes y veraneras. <\/p>\n","protected":false},"excerpt":{"rendered":"<p>C\u00daCUTA.- M\u00e1s de mil \u00e1rboles fueron plantados en la Avenida Demetrio Mendoza, que lleva de C\u00facuta a Ure\u00f1a Venezuela. La jornada se cumpli\u00f3 este 21 de octubre con participaci\u00f3n de varios organismos comprometidos con la naturaleza y el embellecimiento de las v\u00edas locales. La Concesionaria San Sim\u00f3n S.A., la Corporaci\u00f3n Aut\u00f3noma Regional de la frontera &hellip;<\/p>\n","protected":false},"author":1,"featured_media":14405,"comment_status":"open","ping_status":"open","sticky":false,"template":"","format":"standard","meta":{"footnotes":""},"categories":[45],"tags":[249],"class_list":["post-14404","post","type-post","status-publish","format-standard","has-post-thumbnail","hentry","category-destacado","tag-avenida-demetrio-mendoza"],"_links":{"self":[{"href":"https:\/\/contraluzcucuta.co\/index.php?rest_route=\/wp\/v2\/posts\/14404","targetHints":{"allow":["GET"]}}],"collection":[{"href":"https:\/\/contraluzcucuta.co\/index.php?rest_route=\/wp\/v2\/posts"}],"about":[{"href":"https:\/\/contraluzcucuta.co\/index.php?rest_route=\/wp\/v2\/types\/post"}],"author":[{"embeddable":true,"href":"https:\/\/contraluzcucuta.co\/index.php?rest_route=\/wp\/v2\/users\/1"}],"replies":[{"embeddable":true,"href":"https:\/\/contraluzcucuta.co\/index.php?rest_route=%2Fwp%2Fv2%2Fcomments&post=14404"}],"version-history":[{"count":1,"href":"https:\/\/contraluzcucuta.co\/index.php?rest_route=\/wp\/v2\/posts\/14404\/revisions"}],"predecessor-version":[{"id":14406,"href":"https:\/\/contraluzcucuta.co\/index.php?rest_route=\/wp\/v2\/posts\/14404\/revisions\/14406"}],"wp:featuredmedia":[{"embeddable":true,"href":"https:\/\/contraluzcucuta.co\/index.php?rest_route=\/wp\/v2\/media\/14405"}],"wp:attachment":[{"href":"https:\/\/contraluzcucuta.co\/index.php?rest_route=%2Fwp%2Fv2%2Fmedia&parent=14404"}],"wp:term":[{"taxonomy":"category","embeddable":true,"href":"https:\/\/contraluzcucuta.co\/index.php?rest_route=%2Fwp%2Fv2%2Fcategories&post=14404"},{"taxonomy":"post_tag","embeddable":true,"href":"https:\/\/contraluzcucuta.co\/index.php?rest_route=%2Fwp%2Fv2%2Ftags&post=14404"}],"curies":[{"name":"wp","href":"https:\/\/api.w.org\/{rel}","templated":true}]}}