{"id":14155,"date":"2012-09-28T18:52:18","date_gmt":"2012-09-28T23:52:18","guid":{"rendered":"http:\/\/contraluzcucuta.co\/?p=14155"},"modified":"2012-09-28T18:52:18","modified_gmt":"2012-09-28T23:52:18","slug":"censaran-a-perros-y-gatos-callejeros","status":"publish","type":"post","link":"https:\/\/contraluzcucuta.co\/?p=14155","title":{"rendered":"Censar\u00e1n a perros y gatos callejeros"},"content":{"rendered":"<p>C\u00daCUTA.- Los animales que habitan en las calles, sobre todo los que est\u00e1n en zonas de influencia de los escenarios deportivos donde se disputar\u00e1n los Juegos Nacionales y Paranacionales, ser\u00e1n censados por las autoridades de sanidad de C\u00facuta.<br \/>\nLa decisi\u00f3n se tom\u00f3 en la reuni\u00f3n sostenida entre la Alcald\u00eda, la Secretar\u00eda de Salud y entidades p\u00fablicas y privadas locales, con el fin de plantear soluciones a los problemas que ocasionan perros y gatos callejeros.<br \/>\nLas estrategias para disminuir la proliferaci\u00f3n de los animales surgieron del encuentro sostenido con la Secretar\u00eda de Desarrollo Econ\u00f3mico del Departamento, la Secretar\u00eda de Gobierno Municipal, la Fundaci\u00f3n Mi Mejor Amigo, la Junta Protectora de Animales (JPA) y el programa Zoonosis de la Secretar\u00eda Municipal de Salud.<br \/>\nLas entidades participantes se comprometieron a buscar un lugar y recursos para atender a los animales. Por ahora, ser\u00e1n llevados a un albergue provisional.<br \/>\nLa administraci\u00f3n municipal, para contrarrestar los problemas surgidos por la propagaci\u00f3n de perros y gatos, implementar\u00e1 estrategias y trabajar\u00e1 con las entidades de control, que velan por el bienestar de los animales.<\/p>\n","protected":false},"excerpt":{"rendered":"<p>C\u00daCUTA.- Los animales que habitan en las calles, sobre todo los que est\u00e1n en zonas de influencia de los escenarios deportivos donde se disputar\u00e1n los Juegos Nacionales y Paranacionales, ser\u00e1n censados por las autoridades de sanidad de C\u00facuta. La decisi\u00f3n se tom\u00f3 en la reuni\u00f3n sostenida entre la Alcald\u00eda, la Secretar\u00eda de Salud y entidades &hellip;<\/p>\n","protected":false},"author":1,"featured_media":14156,"comment_status":"open","ping_status":"open","sticky":false,"template":"","format":"standard","meta":{"footnotes":""},"categories":[10,4],"tags":[],"class_list":["post-14155","post","type-post","status-publish","format-standard","has-post-thumbnail","hentry","category-cronicas","category-barra"],"_links":{"self":[{"href":"https:\/\/contraluzcucuta.co\/index.php?rest_route=\/wp\/v2\/posts\/14155","targetHints":{"allow":["GET"]}}],"collection":[{"href":"https:\/\/contraluzcucuta.co\/index.php?rest_route=\/wp\/v2\/posts"}],"about":[{"href":"https:\/\/contraluzcucuta.co\/index.php?rest_route=\/wp\/v2\/types\/post"}],"author":[{"embeddable":true,"href":"https:\/\/contraluzcucuta.co\/index.php?rest_route=\/wp\/v2\/users\/1"}],"replies":[{"embeddable":true,"href":"https:\/\/contraluzcucuta.co\/index.php?rest_route=%2Fwp%2Fv2%2Fcomments&post=14155"}],"version-history":[{"count":1,"href":"https:\/\/contraluzcucuta.co\/index.php?rest_route=\/wp\/v2\/posts\/14155\/revisions"}],"predecessor-version":[{"id":14157,"href":"https:\/\/contraluzcucuta.co\/index.php?rest_route=\/wp\/v2\/posts\/14155\/revisions\/14157"}],"wp:featuredmedia":[{"embeddable":true,"href":"https:\/\/contraluzcucuta.co\/index.php?rest_route=\/wp\/v2\/media\/14156"}],"wp:attachment":[{"href":"https:\/\/contraluzcucuta.co\/index.php?rest_route=%2Fwp%2Fv2%2Fmedia&parent=14155"}],"wp:term":[{"taxonomy":"category","embeddable":true,"href":"https:\/\/contraluzcucuta.co\/index.php?rest_route=%2Fwp%2Fv2%2Fcategories&post=14155"},{"taxonomy":"post_tag","embeddable":true,"href":"https:\/\/contraluzcucuta.co\/index.php?rest_route=%2Fwp%2Fv2%2Ftags&post=14155"}],"curies":[{"name":"wp","href":"https:\/\/api.w.org\/{rel}","templated":true}]}}