{"id":14092,"date":"2012-09-16T22:30:42","date_gmt":"2012-09-17T03:30:42","guid":{"rendered":"http:\/\/contraluzcucuta.co\/?p=14092"},"modified":"2012-09-16T22:30:42","modified_gmt":"2012-09-17T03:30:42","slug":"obispo-de-tibu-el-proceso-de-paz-es-un-camino-delicado","status":"publish","type":"post","link":"https:\/\/contraluzcucuta.co\/?p=14092","title":{"rendered":"Obispo de Tib\u00fa: \u201cel proceso de paz es un camino delicado\u201d"},"content":{"rendered":"<p>TIB\u00da.-  \u201cLa paz no es que la queramos o no; es que es necesaria para salir adelante todos\u201d, dijo el Obispo de Tib\u00fa, monse\u00f1or Omar S\u00e1nchez Cubillos, en el corregimiento San Faustino de los R\u00edos.<br \/>\nLa declaraci\u00f3n del prelado ocurre en momentos que el pa\u00eds retoma el asunto de los di\u00e1logos con los grupos al margen de la ley, especialmente  con las Fuerzas Armadas Revolucionarias de Colombia (Farc).<br \/>\nLa Iglesia Cat\u00f3lica se ha mostrado a favor de los acercamientos para alcanzar la paz y dejar atr\u00e1s el conflicto de m\u00e1s cinco d\u00e9cadas y que ha cobrado millares de vidas en campos y ciudades.<br \/>\nEl Obispo dijo que con las negociaciones se juega el futuro de Colombia \u201crepresentado en hijos, hermanos, parientes y vecinos\u201d. La declaraci\u00f3n la hizo en la eucarist\u00eda de las festividades del corregimiento San Faustino de los R\u00edos.,<br \/>\n \u201cLa guerrilla y el Estado tienen muchas verdades de equidad, justicia e  inclusi\u00f3n, que decirse. Tenemos un pa\u00eds sordo para la paz que no conoce el lenguaje para la paz\u201d, agreg\u00f3 monse\u00f1or S\u00e1nchez en las celebraciones en honor del patrono San Nicol\u00e1s de Tolentino.<br \/>\nPidi\u00f3 a Jesucristo que desate la lengua y abra los o\u00eddos de los negociadores, y que no les permita escuchar voces que meten ciza\u00f1a. Motiv\u00f3 a los padres de familia a darles se\u00f1ales de paz a los hijos y a los c\u00f3nyuges, a solucionar diferencias sin golpes, machetes ni disparos, como muestra de paz para la guerrilla y el Estado.<br \/>\nAnte eventuales negociaciones en El Catatumbo asegur\u00f3 que \u201csi llegan, bienvenidos. Hay que dejar que el proceso avance. Esa zona es donde m\u00e1s ha habido y hay sabor de guerra, muerte, as\u00ed como comentarios que all\u00ed opera el comandante Timochenko de las Farc\u201d.<br \/>\nExpres\u00f3 que al llegarse a un acuerdo, todos ganan, aunque no desconoci\u00f3 que hay posiciones descalificadoras que no aportan. \u201cSi se levantan sin negociar pierden todos. Es cuesti\u00f3n de sacar lo mejor de los 35 modelos de acuerdos de paz firmados en otros  pa\u00edses \u00bfpor qu\u00e9 no en Colombia?\u201d.<br \/>\nSan Faustino de los R\u00edos fue fundado, el 16 de febrero de 1662, en honor al m\u00e1rtir Faustino. Monse\u00f1or Omar S\u00e1nchez cumpli\u00f3 la primera visita pastoral y aprovech\u00f3 para exhortar a la feligres\u00eda a creer en el necesario proceso de paz.<br \/>\n\u201cEs un camino delicado pero serio, que se espera d\u00e9 frutos para salir ganando todos, porque si fracasa dif\u00edcilmente se puede esperar que antes de 15 a\u00f1os alguien pueda a volver a plantearlo, adem\u00e1s de incrementar los muertos del conflicto armado que supera los 50 a\u00f1os\u201d, indic\u00f3.<br \/>\nhttp:\/\/www.ligadeconsumidorescucuta.org\/<\/p>\n","protected":false},"excerpt":{"rendered":"<p>TIB\u00da.- \u201cLa paz no es que la queramos o no; es que es necesaria para salir adelante todos\u201d, dijo el Obispo de Tib\u00fa, monse\u00f1or Omar S\u00e1nchez Cubillos, en el corregimiento San Faustino de los R\u00edos. La declaraci\u00f3n del prelado ocurre en momentos que el pa\u00eds retoma el asunto de los di\u00e1logos con los grupos al &hellip;<\/p>\n","protected":false},"author":1,"featured_media":14093,"comment_status":"open","ping_status":"open","sticky":false,"template":"","format":"standard","meta":{"footnotes":""},"categories":[6],"tags":[473,457],"class_list":["post-14092","post","type-post","status-publish","format-standard","has-post-thumbnail","hentry","category-ojo-avizor","tag-obispo-de-tibu","tag-proceso-de-paz"],"_links":{"self":[{"href":"https:\/\/contraluzcucuta.co\/index.php?rest_route=\/wp\/v2\/posts\/14092","targetHints":{"allow":["GET"]}}],"collection":[{"href":"https:\/\/contraluzcucuta.co\/index.php?rest_route=\/wp\/v2\/posts"}],"about":[{"href":"https:\/\/contraluzcucuta.co\/index.php?rest_route=\/wp\/v2\/types\/post"}],"author":[{"embeddable":true,"href":"https:\/\/contraluzcucuta.co\/index.php?rest_route=\/wp\/v2\/users\/1"}],"replies":[{"embeddable":true,"href":"https:\/\/contraluzcucuta.co\/index.php?rest_route=%2Fwp%2Fv2%2Fcomments&post=14092"}],"version-history":[{"count":1,"href":"https:\/\/contraluzcucuta.co\/index.php?rest_route=\/wp\/v2\/posts\/14092\/revisions"}],"predecessor-version":[{"id":14094,"href":"https:\/\/contraluzcucuta.co\/index.php?rest_route=\/wp\/v2\/posts\/14092\/revisions\/14094"}],"wp:featuredmedia":[{"embeddable":true,"href":"https:\/\/contraluzcucuta.co\/index.php?rest_route=\/wp\/v2\/media\/14093"}],"wp:attachment":[{"href":"https:\/\/contraluzcucuta.co\/index.php?rest_route=%2Fwp%2Fv2%2Fmedia&parent=14092"}],"wp:term":[{"taxonomy":"category","embeddable":true,"href":"https:\/\/contraluzcucuta.co\/index.php?rest_route=%2Fwp%2Fv2%2Fcategories&post=14092"},{"taxonomy":"post_tag","embeddable":true,"href":"https:\/\/contraluzcucuta.co\/index.php?rest_route=%2Fwp%2Fv2%2Ftags&post=14092"}],"curies":[{"name":"wp","href":"https:\/\/api.w.org\/{rel}","templated":true}]}}