{"id":14086,"date":"2012-09-16T21:49:57","date_gmt":"2012-09-17T02:49:57","guid":{"rendered":"http:\/\/contraluzcucuta.co\/?p=14086"},"modified":"2012-09-16T21:49:57","modified_gmt":"2012-09-17T02:49:57","slug":"conformaran-frente-para-evitar-ocupacion-ilegal-de-terrenos","status":"publish","type":"post","link":"https:\/\/contraluzcucuta.co\/?p=14086","title":{"rendered":"Conformar\u00e1n frente para evitar ocupaci\u00f3n ilegal de terrenos"},"content":{"rendered":"<p>C\u00daCUTA.- Las decisiones jur\u00eddicas, de no permitir el desalojo de los ocupantes de hecho de terrenos privados en C\u00facuta, llev\u00f3 al planteamiento de crear un frente que impida nuevas tomas por parte de familias carentes de vivienda.<br \/>\nEn los \u00faltimos d\u00edas, tres diligencias de desalojo no pudieron cumplirse en la ciudad por determinaciones de jueces, que mediante respaldo a acciones de tutela solicitaron el aplazamiento de las \u00f3rdenes emanadas por el gobierno cucute\u00f1o.<br \/>\nLas ocupaciones ilegales de terrenos frente a la Penitenciar\u00eda de C\u00facuta, el Minuto de Dios y el anillo vial fueron frenadas por decisi\u00f3n de los despachos judiciales.<br \/>\n\u201cTeniendo en cuenta que debo respetar las decisiones tomadas por los jueces en las tutelas, me he visto en la necesidad de suspender el desalojo de tres grandes invasiones, las que afectan el derecho fundamental de la propiedad\u201d, dijo el alcalde Donamaris Ram\u00edrez.<br \/>\nPropietarios de terrenos ocupados dialogaron con el Alcalde para concertar la estrategia com\u00fan, que apunta a crear un frente contra las \u2018invasiones\u2019 de terrenos. A la cita acudieron representantes de la Corporaci\u00f3n Minuto de Dios, proyecto Progreso Inversiones San Jos\u00e9 y Sodeba.<br \/>\nEn la reuni\u00f3n coincidieron en la necesidad de unir esfuerzos con el Estado para que se respete el derecho a la propiedad. \u201cEl principio de propiedad se debe proteger\u201d, dijo Ram\u00edrez. Insisti\u00f3 en que propietarios de terrenos privados  y corporaciones deben sentir  que \u201chay un municipio actuante, que cuida y que protege\u201d los espacios donde se desarrollar\u00e1n proyectos de vivienda de inter\u00e9s social o de inter\u00e9s prioritario.<br \/>\nEn este terreno por plan parcial y el Ministerio de Vivienda, el alcalde aspira a construir y asignar a las comunidades, al menos, 4.000 viviendas para C\u00facuta.<br \/>\nEn el anillo vial occidental deben evitarse las tomas ilegales y que reinen el caos y la violencia. La administraci\u00f3n municipal est\u00e1 dispuesta a respaldara los propietarios para que no haya asentamientos.<br \/>\nLos propietarios se comprometieron a definir los linderos y el gobierno local a proteger las tierras que por v\u00eda de incorporaci\u00f3n o plan parcial sean utilizadas para vivienda de inter\u00e9s social o inter\u00e9s prioritario.<\/p>\n","protected":false},"excerpt":{"rendered":"<p>C\u00daCUTA.- Las decisiones jur\u00eddicas, de no permitir el desalojo de los ocupantes de hecho de terrenos privados en C\u00facuta, llev\u00f3 al planteamiento de crear un frente que impida nuevas tomas por parte de familias carentes de vivienda. En los \u00faltimos d\u00edas, tres diligencias de desalojo no pudieron cumplirse en la ciudad por determinaciones de jueces, &hellip;<\/p>\n","protected":false},"author":1,"featured_media":14087,"comment_status":"open","ping_status":"open","sticky":false,"template":"","format":"standard","meta":{"footnotes":""},"categories":[4,9],"tags":[226],"class_list":["post-14086","post","type-post","status-publish","format-standard","has-post-thumbnail","hentry","category-barra","category-politica","tag-alcaldia-de-cucuta"],"_links":{"self":[{"href":"https:\/\/contraluzcucuta.co\/index.php?rest_route=\/wp\/v2\/posts\/14086","targetHints":{"allow":["GET"]}}],"collection":[{"href":"https:\/\/contraluzcucuta.co\/index.php?rest_route=\/wp\/v2\/posts"}],"about":[{"href":"https:\/\/contraluzcucuta.co\/index.php?rest_route=\/wp\/v2\/types\/post"}],"author":[{"embeddable":true,"href":"https:\/\/contraluzcucuta.co\/index.php?rest_route=\/wp\/v2\/users\/1"}],"replies":[{"embeddable":true,"href":"https:\/\/contraluzcucuta.co\/index.php?rest_route=%2Fwp%2Fv2%2Fcomments&post=14086"}],"version-history":[{"count":1,"href":"https:\/\/contraluzcucuta.co\/index.php?rest_route=\/wp\/v2\/posts\/14086\/revisions"}],"predecessor-version":[{"id":14088,"href":"https:\/\/contraluzcucuta.co\/index.php?rest_route=\/wp\/v2\/posts\/14086\/revisions\/14088"}],"wp:featuredmedia":[{"embeddable":true,"href":"https:\/\/contraluzcucuta.co\/index.php?rest_route=\/wp\/v2\/media\/14087"}],"wp:attachment":[{"href":"https:\/\/contraluzcucuta.co\/index.php?rest_route=%2Fwp%2Fv2%2Fmedia&parent=14086"}],"wp:term":[{"taxonomy":"category","embeddable":true,"href":"https:\/\/contraluzcucuta.co\/index.php?rest_route=%2Fwp%2Fv2%2Fcategories&post=14086"},{"taxonomy":"post_tag","embeddable":true,"href":"https:\/\/contraluzcucuta.co\/index.php?rest_route=%2Fwp%2Fv2%2Ftags&post=14086"}],"curies":[{"name":"wp","href":"https:\/\/api.w.org\/{rel}","templated":true}]}}