{"id":14083,"date":"2012-09-16T21:26:31","date_gmt":"2012-09-17T02:26:31","guid":{"rendered":"http:\/\/contraluzcucuta.co\/?p=14083"},"modified":"2012-09-16T21:26:31","modified_gmt":"2012-09-17T02:26:31","slug":"festival-de-teatro-intercolegiado","status":"publish","type":"post","link":"https:\/\/contraluzcucuta.co\/?p=14083","title":{"rendered":"Festival de Teatro Intercolegiado"},"content":{"rendered":"<p>C\u00daCUTA.- Bandas de paz de 23 colegios cucute\u00f1os y comparsas alusivas a la violencia contra la mujer y los embarazos en adolescentes desfilaron por El Malec\u00f3n en la apertura del Festival Intercolegiado de Teatro, que ir\u00e1 hasta el 29 de septiembre.<br \/>\nHac\u00eda 15 a\u00f1os que los planteles no se pon\u00edan de acuerdo para rendirles culto a las artes esc\u00e9nicas. Este a\u00f1o se logr\u00f3 con la decisi\u00f3n de la gestora social Maribel Cuadros para revivir el talento en los j\u00f3venes.<br \/>\nLos colegios inscritos son los siguientes:<br \/>\n1.- Santo \u00c1ngel<br \/>\n2.-  Integrado Juan Atalaya<br \/>\n3.- Nueva Granada<br \/>\n4.- Acad\u00e9mico Ebenezer<br \/>\n5.- San Jos\u00e9 de C\u00facuta<br \/>\n6.- Normal Superior Mar\u00eda Auxiliadora<br \/>\n7.- Andino Biling\u00fce<br \/>\n8.- Sim\u00f3n Bol\u00edvar<br \/>\n9.- Buenos Aires<br \/>\n10.- Julio P\u00e9rez Ferrer<br \/>\n11.- Instituto T\u00e9cnico Guaimaral<br \/>\n12.- Camilo Torres<br \/>\n13.- Camilo Daza<br \/>\n14.- Minuto de Dios &#8211; Policarpa Salavarrieta<br \/>\n15.- Juan Pablo I<br \/>\n16.- Carlos P\u00e9rez Escalante<br \/>\n17.- Trigal del Norte<br \/>\n18.- Corporaci\u00f3n Jupsu<br \/>\n19.- Instituto Salesiano<br \/>\n20.- Escuela Escobal Club de Leones San Luis<br \/>\n21.- Sagrado Coraz\u00f3n<br \/>\n22.- Toledo Plata<br \/>\n23.- Fe y Alegr\u00eda<br \/>\nEl prop\u00f3sito del  festival es rescatar la actividad teatral, en receso hace varios a\u00f1os y proporcionar un espacio cultural a los ni\u00f1os para que desarrollen habilidades y destrezas dram\u00e1ticas.<br \/>\nEl 22 de septiembre, a las 7:00 de la noche, en el Teatro Zulima, se har\u00e1 la apertura de las obras en escena, con la presencia de un mimo franc\u00e9s, con la colaboraci\u00f3n de la Alianza Colombo Francesa.<br \/>\nLas presentaciones de los grupos teatrales que representan a los 23 colegios ser\u00e1n del 24 al 28, en los teatros Municipal y Zulima. La premiaci\u00f3n se har\u00e1 el 29, en el Teatro Zulima, a las 6:00 de la tarde.<\/p>\n","protected":false},"excerpt":{"rendered":"<p>C\u00daCUTA.- Bandas de paz de 23 colegios cucute\u00f1os y comparsas alusivas a la violencia contra la mujer y los embarazos en adolescentes desfilaron por El Malec\u00f3n en la apertura del Festival Intercolegiado de Teatro, que ir\u00e1 hasta el 29 de septiembre. Hac\u00eda 15 a\u00f1os que los planteles no se pon\u00edan de acuerdo para rendirles culto &hellip;<\/p>\n","protected":false},"author":1,"featured_media":14084,"comment_status":"open","ping_status":"open","sticky":false,"template":"","format":"standard","meta":{"footnotes":""},"categories":[4,37],"tags":[471],"class_list":["post-14083","post","type-post","status-publish","format-standard","has-post-thumbnail","hentry","category-barra","category-paseo-cultural","tag-festival-intercolegiado-de-teatro"],"_links":{"self":[{"href":"https:\/\/contraluzcucuta.co\/index.php?rest_route=\/wp\/v2\/posts\/14083","targetHints":{"allow":["GET"]}}],"collection":[{"href":"https:\/\/contraluzcucuta.co\/index.php?rest_route=\/wp\/v2\/posts"}],"about":[{"href":"https:\/\/contraluzcucuta.co\/index.php?rest_route=\/wp\/v2\/types\/post"}],"author":[{"embeddable":true,"href":"https:\/\/contraluzcucuta.co\/index.php?rest_route=\/wp\/v2\/users\/1"}],"replies":[{"embeddable":true,"href":"https:\/\/contraluzcucuta.co\/index.php?rest_route=%2Fwp%2Fv2%2Fcomments&post=14083"}],"version-history":[{"count":1,"href":"https:\/\/contraluzcucuta.co\/index.php?rest_route=\/wp\/v2\/posts\/14083\/revisions"}],"predecessor-version":[{"id":14085,"href":"https:\/\/contraluzcucuta.co\/index.php?rest_route=\/wp\/v2\/posts\/14083\/revisions\/14085"}],"wp:featuredmedia":[{"embeddable":true,"href":"https:\/\/contraluzcucuta.co\/index.php?rest_route=\/wp\/v2\/media\/14084"}],"wp:attachment":[{"href":"https:\/\/contraluzcucuta.co\/index.php?rest_route=%2Fwp%2Fv2%2Fmedia&parent=14083"}],"wp:term":[{"taxonomy":"category","embeddable":true,"href":"https:\/\/contraluzcucuta.co\/index.php?rest_route=%2Fwp%2Fv2%2Fcategories&post=14083"},{"taxonomy":"post_tag","embeddable":true,"href":"https:\/\/contraluzcucuta.co\/index.php?rest_route=%2Fwp%2Fv2%2Ftags&post=14083"}],"curies":[{"name":"wp","href":"https:\/\/api.w.org\/{rel}","templated":true}]}}