{"id":14075,"date":"2012-09-16T10:00:37","date_gmt":"2012-09-16T15:00:37","guid":{"rendered":"http:\/\/contraluzcucuta.co\/?p=14075"},"modified":"2012-09-16T10:00:37","modified_gmt":"2012-09-16T15:00:37","slug":"siete-parques-de-cucuta-encontraron-padrinos","status":"publish","type":"post","link":"https:\/\/contraluzcucuta.co\/?p=14075","title":{"rendered":"Siete parques de C\u00facuta encontraron padrinos"},"content":{"rendered":"<p>C\u00daCUTA.- Siete parques cucute\u00f1os ser\u00e1n recuperados por empresas privadas que los acogieron en acato al llamado de la administraci\u00f3n municipal. El \u2018Plan Padrino\u2019 busca que esos espacios sean administrados, cuidados y dotados de alumbrado y seguridad.<br \/>\nLa oficina de Planeaci\u00f3n Municipal coordin\u00f3 la reuni\u00f3n con representantes de la Corporaci\u00f3n Parque de Los Ni\u00f1os de Ceiba II, Corpocentro, J.J. Pita, Servicios Especializados H &#038; M SAS, Hotel Turismo sin Fronteras S.A y la Junta de Acci\u00f3n Comunal del Colsag- caseta Bar\u00f3n.<br \/>\nLos voceros de las entidades suscribieron con  Planeaci\u00f3n Municipal los convenios interinstitucionales que habilitan el padrinazgo de los parques Amelia, contiguo al Hotel Tonchal\u00e1; Francisco de Paula Andrade Troconis, de los Ni\u00f1os (Ceiba II) y el Polideportivo del Colsag. Corpocentro \u2013 J.J. Pita tendr\u00e1n a cargo el Col\u00f3n o de La Victoria, Mercedes \u00c1brego y Antonia Santos.<br \/>\n\u00c1lvaro Sus Ayala, Director Comercial de J.J. Pita, se\u00f1al\u00f3 que las autorizaciones dadas a Apuestas C\u00facuta 75, para apadrinar tres c\u00e9ntricos parques, se funda en la solidez empresarial. La empresa genera $480 millones mensuales de regal\u00edas para la salud de Norte de Santander.<br \/>\nAl \u2018Plan Padrino\u2019 para los parques se buscar\u00e1 la vinculaci\u00f3n de  los almacenes de grandes superficies y otras empresas de trayectoria en la ciudad.<\/p>\n","protected":false},"excerpt":{"rendered":"<p>C\u00daCUTA.- Siete parques cucute\u00f1os ser\u00e1n recuperados por empresas privadas que los acogieron en acato al llamado de la administraci\u00f3n municipal. El \u2018Plan Padrino\u2019 busca que esos espacios sean administrados, cuidados y dotados de alumbrado y seguridad. La oficina de Planeaci\u00f3n Municipal coordin\u00f3 la reuni\u00f3n con representantes de la Corporaci\u00f3n Parque de Los Ni\u00f1os de Ceiba &hellip;<\/p>\n","protected":false},"author":1,"featured_media":14076,"comment_status":"open","ping_status":"open","sticky":false,"template":"","format":"standard","meta":{"footnotes":""},"categories":[45],"tags":[468],"class_list":["post-14075","post","type-post","status-publish","format-standard","has-post-thumbnail","hentry","category-destacado","tag-parques-de-cucuta"],"_links":{"self":[{"href":"https:\/\/contraluzcucuta.co\/index.php?rest_route=\/wp\/v2\/posts\/14075","targetHints":{"allow":["GET"]}}],"collection":[{"href":"https:\/\/contraluzcucuta.co\/index.php?rest_route=\/wp\/v2\/posts"}],"about":[{"href":"https:\/\/contraluzcucuta.co\/index.php?rest_route=\/wp\/v2\/types\/post"}],"author":[{"embeddable":true,"href":"https:\/\/contraluzcucuta.co\/index.php?rest_route=\/wp\/v2\/users\/1"}],"replies":[{"embeddable":true,"href":"https:\/\/contraluzcucuta.co\/index.php?rest_route=%2Fwp%2Fv2%2Fcomments&post=14075"}],"version-history":[{"count":2,"href":"https:\/\/contraluzcucuta.co\/index.php?rest_route=\/wp\/v2\/posts\/14075\/revisions"}],"predecessor-version":[{"id":14078,"href":"https:\/\/contraluzcucuta.co\/index.php?rest_route=\/wp\/v2\/posts\/14075\/revisions\/14078"}],"wp:featuredmedia":[{"embeddable":true,"href":"https:\/\/contraluzcucuta.co\/index.php?rest_route=\/wp\/v2\/media\/14076"}],"wp:attachment":[{"href":"https:\/\/contraluzcucuta.co\/index.php?rest_route=%2Fwp%2Fv2%2Fmedia&parent=14075"}],"wp:term":[{"taxonomy":"category","embeddable":true,"href":"https:\/\/contraluzcucuta.co\/index.php?rest_route=%2Fwp%2Fv2%2Fcategories&post=14075"},{"taxonomy":"post_tag","embeddable":true,"href":"https:\/\/contraluzcucuta.co\/index.php?rest_route=%2Fwp%2Fv2%2Ftags&post=14075"}],"curies":[{"name":"wp","href":"https:\/\/api.w.org\/{rel}","templated":true}]}}