{"id":14071,"date":"2012-09-16T09:21:23","date_gmt":"2012-09-16T14:21:23","guid":{"rendered":"http:\/\/contraluzcucuta.co\/?p=14071"},"modified":"2012-09-16T09:21:23","modified_gmt":"2012-09-16T14:21:23","slug":"se-revive-tema-de-centro-de-convenciones-para-cucuta","status":"publish","type":"post","link":"https:\/\/contraluzcucuta.co\/?p=14071","title":{"rendered":"Se revive tema de Centro de Convenciones para C\u00facuta"},"content":{"rendered":"<p>C\u00daCUTA. El Centro de Convenciones para C\u00facuta revivi\u00f3 en los \u00faltimos d\u00edas con la visita del vicepresidente de Corferias, Mario Cajiao, a quien se solicit\u00f3 asesor\u00eda para la construcci\u00f3n de la obra.<br \/>\nEl lote Bavaria, lote donde se desarrollar\u00eda el proyecto,  en 30 d\u00edas debe ser restituido al municipio, de acuerdo con sentencia del juzgado tercero administrativo. El terreno fue cedido por la cervecera a\u00f1os atr\u00e1s y ha sido objeto de l\u00edos jur\u00eddicos por diversas razones.<br \/>\nEl gerente del \u00c1rea Metropolitana de C\u00facuta, Ricardo Ram\u00edrez Serpa, expuso la parte t\u00e9cnica del proyecto. El lote, valuado en $8000 millones, ser\u00e1 el aporte del municipio; la Gobernaci\u00f3n destinar\u00e1 $5000 millones y el Ministerio de Comercio Exterior otros $5000 millones.<br \/>\nEl alcalde Donamaris Ram\u00edrez explic\u00f3 que solicit\u00f3 el acompa\u00f1amiento de Corferias para compartir experiencias y buscar la posibilidad que se convierta en asesora de la obra. La Corporaci\u00f3n es la entidad de mayor conocimiento en el pa\u00eds en centros feriales.<br \/>\nMario Cajiao manifest\u00f3 disposici\u00f3n para acompa\u00f1ar el proceso aportar sus conocimientos para la consolidaci\u00f3n del marco jur\u00eddico que requiere este tipo de proyectos. El Centro de Convenciones de Bogot\u00e1 tiene un costo de 150 millones de d\u00f3lares.<br \/>\nEl presidente ejecutivo de la C\u00e1mara de Comercio, Jos\u00e9 Miguel Gonz\u00e1lez, dijo que el proyecto ha sido arduo. Desde el inicio de la administraci\u00f3n municipal se ha trabajado con el Ministerio de Comercio en la definici\u00f3n del terreno, el cierre financiero y la presentaci\u00f3n del proyecto como tal.<br \/>\nDonamaris Ram\u00edrez afirm\u00f3 que esta es una gran posibilidad de llevar a feliz t\u00e9rmino la construcci\u00f3n del Centro de Convenciones de C\u00facuta. Recientemente, el juez tercero administrativo orden\u00f3 a la Corporaci\u00f3n Parques C\u00facuta devolver el lote de Bavaria al municipio en un plazo no mayor a 30 d\u00edas.<br \/>\nEn la reuni\u00f3n con el Vicepresidente de Corferias, Mario Caj\u00edao, participaron Jos\u00e9 Miguel Gonz\u00e1lez, presidente ejecutivo de la C\u00e1mara de Comercio de C\u00facuta, el gobernador Edgar D\u00edaz y el alcalde Donamaris Ram\u00edrez.<br \/>\nEl concepto del Centro del Convenciones para C\u00facuta implica especificaciones vanguardistas, que permitan proyectar a la ciudad y jalonar el desarrollo local, afirm\u00f3 el Alcalde. <\/p>\n","protected":false},"excerpt":{"rendered":"<p>C\u00daCUTA. El Centro de Convenciones para C\u00facuta revivi\u00f3 en los \u00faltimos d\u00edas con la visita del vicepresidente de Corferias, Mario Cajiao, a quien se solicit\u00f3 asesor\u00eda para la construcci\u00f3n de la obra. El lote Bavaria, lote donde se desarrollar\u00eda el proyecto, en 30 d\u00edas debe ser restituido al municipio, de acuerdo con sentencia del juzgado &hellip;<\/p>\n","protected":false},"author":1,"featured_media":14072,"comment_status":"open","ping_status":"open","sticky":false,"template":"","format":"standard","meta":{"footnotes":""},"categories":[10,4],"tags":[467,466],"class_list":["post-14071","post","type-post","status-publish","format-standard","has-post-thumbnail","hentry","category-cronicas","category-barra","tag-centro-de-convenciones-de-cucuta","tag-hueco-bavaria"],"_links":{"self":[{"href":"https:\/\/contraluzcucuta.co\/index.php?rest_route=\/wp\/v2\/posts\/14071","targetHints":{"allow":["GET"]}}],"collection":[{"href":"https:\/\/contraluzcucuta.co\/index.php?rest_route=\/wp\/v2\/posts"}],"about":[{"href":"https:\/\/contraluzcucuta.co\/index.php?rest_route=\/wp\/v2\/types\/post"}],"author":[{"embeddable":true,"href":"https:\/\/contraluzcucuta.co\/index.php?rest_route=\/wp\/v2\/users\/1"}],"replies":[{"embeddable":true,"href":"https:\/\/contraluzcucuta.co\/index.php?rest_route=%2Fwp%2Fv2%2Fcomments&post=14071"}],"version-history":[{"count":2,"href":"https:\/\/contraluzcucuta.co\/index.php?rest_route=\/wp\/v2\/posts\/14071\/revisions"}],"predecessor-version":[{"id":14074,"href":"https:\/\/contraluzcucuta.co\/index.php?rest_route=\/wp\/v2\/posts\/14071\/revisions\/14074"}],"wp:featuredmedia":[{"embeddable":true,"href":"https:\/\/contraluzcucuta.co\/index.php?rest_route=\/wp\/v2\/media\/14072"}],"wp:attachment":[{"href":"https:\/\/contraluzcucuta.co\/index.php?rest_route=%2Fwp%2Fv2%2Fmedia&parent=14071"}],"wp:term":[{"taxonomy":"category","embeddable":true,"href":"https:\/\/contraluzcucuta.co\/index.php?rest_route=%2Fwp%2Fv2%2Fcategories&post=14071"},{"taxonomy":"post_tag","embeddable":true,"href":"https:\/\/contraluzcucuta.co\/index.php?rest_route=%2Fwp%2Fv2%2Ftags&post=14071"}],"curies":[{"name":"wp","href":"https:\/\/api.w.org\/{rel}","templated":true}]}}