{"id":14067,"date":"2012-09-14T22:58:20","date_gmt":"2012-09-15T03:58:20","guid":{"rendered":"http:\/\/contraluzcucuta.co\/?p=14067"},"modified":"2012-09-14T22:58:20","modified_gmt":"2012-09-15T03:58:20","slug":"final-de-ano-sera-bueno-para-comerciantes","status":"publish","type":"post","link":"https:\/\/contraluzcucuta.co\/?p=14067","title":{"rendered":"Final de a\u00f1o ser\u00e1 bueno para comerciantes"},"content":{"rendered":"<p>C\u00daCUTA.- El 33 por ciento de los  comerciantes cucute\u00f1os consultados por la C\u00e1mara de Comercio contempla que el panorama econ\u00f3mico de final de a\u00f1o ser\u00e1 bueno. El an\u00e1lisis estuvo a cargo del Observatorio Econ\u00f3mico.<br \/>\nPara el estudio de percepci\u00f3n econ\u00f3mica del primer semestre de 2012se adelantaron 500 encuestas que se distribuyeron entre los sectores econ\u00f3micos de la ciudad.<br \/>\nEl 40 por ciento la ve regular y contempla que ser\u00e1 la constante para el resto del  a\u00f1o. Perciben una econom\u00eda il\u00edquida como indicador del gasto, insisten en la ausencia de compradores vecinos y creen que el tiempo trascurre de manera lenta y no se ven mayores cambios en el dinamismo comercial.<br \/>\nEl bol\u00edvar es para el comercio una variable sensible, y lo complementa la presencia de compradores venezolanos. Los encuestados consideraron que el desempleo es la tercera incidencia que afecta el dinamismo comercial.<br \/>\nLa recuperaci\u00f3n vial surgi\u00f3 como factor que incide en la din\u00e1mica comercial. Otras observaciones son que el sector debe dirigir m\u00e1s acciones hacia el consumidor regional. La baja capacidad de compra del bol\u00edvar no es factor para depender de un volumen de ventas sostenibles en la frontera.<br \/>\nEl 76 por ciento percibe que la ciudad no tiene la suficiente estructura empresarial  o industrial para competir en un acuerdo comercial. Igualmente, consider\u00f3 que no hay oferta exportable y que el mercado es peque\u00f1o.<br \/>\nLos comerciantes tienen una percepci\u00f3n de la ciudad con poca industria, baja calidad en producci\u00f3n y falta de capacitaci\u00f3n. El 24 por ciento  manifest\u00f3 que existen empresas organizadas para competir con empresas y producci\u00f3n internacional.<br \/>\nEl 70 por ciento de los consultados consider\u00f3 que la medida de \u2018pico y placa\u2019 no es favorable. Este grupo razona que falta implementaci\u00f3n, que el tama\u00f1o de la ciudad no amerita una medida de este tipo que afecta el comercio limitando el desplazamiento del consumidor.<br \/>\n El 30 por ciento la ve oportuna porque hay mayor movilidad, organiza el tr\u00e1fico y descongestiona el flujo vehicular.<br \/>\nEn general \u00bfc\u00f3mo fue el comportamiento de las ventas en el semestre enero &#8211; junio de 2012 en relaci\u00f3n al semestre  enero-junio de 2011? De los 315 encuestados, el periodo enero-junio de 2012  en relaci\u00f3n con el mismo periodo del a\u00f1o anterior, el 68 por ciento manifest\u00f3 una menor rotaci\u00f3n en las ventas. Pr\u00e1cticamente el comercio muestra signos desalentadores.<\/p>\n","protected":false},"excerpt":{"rendered":"<p>C\u00daCUTA.- El 33 por ciento de los comerciantes cucute\u00f1os consultados por la C\u00e1mara de Comercio contempla que el panorama econ\u00f3mico de final de a\u00f1o ser\u00e1 bueno. El an\u00e1lisis estuvo a cargo del Observatorio Econ\u00f3mico. Para el estudio de percepci\u00f3n econ\u00f3mica del primer semestre de 2012se adelantaron 500 encuestas que se distribuyeron entre los sectores econ\u00f3micos &hellip;<\/p>\n","protected":false},"author":1,"featured_media":14068,"comment_status":"open","ping_status":"open","sticky":false,"template":"","format":"standard","meta":{"footnotes":""},"categories":[36],"tags":[375],"class_list":["post-14067","post","type-post","status-publish","format-standard","has-post-thumbnail","hentry","category-la-voz-del-pueblo","tag-camara-de-comercio-de-cucuta"],"_links":{"self":[{"href":"https:\/\/contraluzcucuta.co\/index.php?rest_route=\/wp\/v2\/posts\/14067","targetHints":{"allow":["GET"]}}],"collection":[{"href":"https:\/\/contraluzcucuta.co\/index.php?rest_route=\/wp\/v2\/posts"}],"about":[{"href":"https:\/\/contraluzcucuta.co\/index.php?rest_route=\/wp\/v2\/types\/post"}],"author":[{"embeddable":true,"href":"https:\/\/contraluzcucuta.co\/index.php?rest_route=\/wp\/v2\/users\/1"}],"replies":[{"embeddable":true,"href":"https:\/\/contraluzcucuta.co\/index.php?rest_route=%2Fwp%2Fv2%2Fcomments&post=14067"}],"version-history":[{"count":2,"href":"https:\/\/contraluzcucuta.co\/index.php?rest_route=\/wp\/v2\/posts\/14067\/revisions"}],"predecessor-version":[{"id":14070,"href":"https:\/\/contraluzcucuta.co\/index.php?rest_route=\/wp\/v2\/posts\/14067\/revisions\/14070"}],"wp:featuredmedia":[{"embeddable":true,"href":"https:\/\/contraluzcucuta.co\/index.php?rest_route=\/wp\/v2\/media\/14068"}],"wp:attachment":[{"href":"https:\/\/contraluzcucuta.co\/index.php?rest_route=%2Fwp%2Fv2%2Fmedia&parent=14067"}],"wp:term":[{"taxonomy":"category","embeddable":true,"href":"https:\/\/contraluzcucuta.co\/index.php?rest_route=%2Fwp%2Fv2%2Fcategories&post=14067"},{"taxonomy":"post_tag","embeddable":true,"href":"https:\/\/contraluzcucuta.co\/index.php?rest_route=%2Fwp%2Fv2%2Ftags&post=14067"}],"curies":[{"name":"wp","href":"https:\/\/api.w.org\/{rel}","templated":true}]}}