{"id":14063,"date":"2012-09-14T22:17:16","date_gmt":"2012-09-15T03:17:16","guid":{"rendered":"http:\/\/contraluzcucuta.co\/?p=14063"},"modified":"2012-09-14T22:17:16","modified_gmt":"2012-09-15T03:17:16","slug":"el-rodeo-tendra-centro-de-desarrollo-infantil","status":"publish","type":"post","link":"https:\/\/contraluzcucuta.co\/?p=14063","title":{"rendered":"El Rodeo tendr\u00e1 Centro de Desarrollo Infantil"},"content":{"rendered":"<p>C\u00daCUTA.- Trescientos ni\u00f1os cucute\u00f1os se beneficiar\u00e1n con la construcci\u00f3n del Centro de Desarrollo Infantil. La obra tendr\u00e1 una inversi\u00f3n de $2415 millones, repartidos entre la Alcald\u00eda de de C\u00facuta ($360 millones) y Bienestar Familiar ($2055 millones).<br \/>\nDe acuerdo con los dise\u00f1os, la estructura contar\u00e1 con 9 aulas para 30 infantes cada una, sala para 30 lactantes; un \u00e1rea administrativa, un club infantil con juegos, el \u00e1rea de cocina\u2013comedor, m\u00e1s servicios complementarios de lavander\u00eda.<br \/>\nEl \u00e1rea total construida ser\u00e1 de 1485 metros cuadrados, sobre un total de 4.500 metros cuadrados, que corresponden al \u00e1rea del lote. Los Centros tomaron ese nombre en el gobierno de Juan Manuel Santos. En la administraci\u00f3n de \u00c1lvaro Uribe se llamaron Jardines Sociales. La coordinaci\u00f3n estuvo a cargo de la primera dama Lina Moreno.<br \/>\nC\u00facuta es una de las ciudades que m\u00e1s se ha beneficiado con estos jardines. En la capital de Norte de Santander hay tres edificaciones, en Torcoroma, Juan Atalaya y Trigal del Norte.<br \/>\nLa gesti\u00f3n adelantada por el alcalde Donamaris Ram\u00edrez y  la gestora social, Maribel Cuadros, permiti\u00f3 concretar la construcci\u00f3n del Centro en El Rodeo.<br \/>\nJulio Boh\u00f3rquez, coordinador de infraestructura de Primera Infancia del Instituto Colombiano de Bienestar Familiar, asegur\u00f3 que la obra cuenta con los estudios, los dise\u00f1os y la licencia de construcci\u00f3n.<br \/>\nPor el dise\u00f1o de la estructura y la dimensi\u00f3n del lote se dej\u00f3 un \u00e1rea para la ampliaci\u00f3n, como se hizo en el Jard\u00edn Social de Torcoroma.<\/p>\n","protected":false},"excerpt":{"rendered":"<p>C\u00daCUTA.- Trescientos ni\u00f1os cucute\u00f1os se beneficiar\u00e1n con la construcci\u00f3n del Centro de Desarrollo Infantil. La obra tendr\u00e1 una inversi\u00f3n de $2415 millones, repartidos entre la Alcald\u00eda de de C\u00facuta ($360 millones) y Bienestar Familiar ($2055 millones). De acuerdo con los dise\u00f1os, la estructura contar\u00e1 con 9 aulas para 30 infantes cada una, sala para 30 &hellip;<\/p>\n","protected":false},"author":1,"featured_media":14064,"comment_status":"open","ping_status":"open","sticky":false,"template":"","format":"standard","meta":{"footnotes":""},"categories":[6],"tags":[464,463,465],"class_list":["post-14063","post","type-post","status-publish","format-standard","has-post-thumbnail","hentry","category-ojo-avizor","tag-alcaldia","tag-centro-de-desarrollo-infantil","tag-icbf"],"_links":{"self":[{"href":"https:\/\/contraluzcucuta.co\/index.php?rest_route=\/wp\/v2\/posts\/14063","targetHints":{"allow":["GET"]}}],"collection":[{"href":"https:\/\/contraluzcucuta.co\/index.php?rest_route=\/wp\/v2\/posts"}],"about":[{"href":"https:\/\/contraluzcucuta.co\/index.php?rest_route=\/wp\/v2\/types\/post"}],"author":[{"embeddable":true,"href":"https:\/\/contraluzcucuta.co\/index.php?rest_route=\/wp\/v2\/users\/1"}],"replies":[{"embeddable":true,"href":"https:\/\/contraluzcucuta.co\/index.php?rest_route=%2Fwp%2Fv2%2Fcomments&post=14063"}],"version-history":[{"count":2,"href":"https:\/\/contraluzcucuta.co\/index.php?rest_route=\/wp\/v2\/posts\/14063\/revisions"}],"predecessor-version":[{"id":14066,"href":"https:\/\/contraluzcucuta.co\/index.php?rest_route=\/wp\/v2\/posts\/14063\/revisions\/14066"}],"wp:featuredmedia":[{"embeddable":true,"href":"https:\/\/contraluzcucuta.co\/index.php?rest_route=\/wp\/v2\/media\/14064"}],"wp:attachment":[{"href":"https:\/\/contraluzcucuta.co\/index.php?rest_route=%2Fwp%2Fv2%2Fmedia&parent=14063"}],"wp:term":[{"taxonomy":"category","embeddable":true,"href":"https:\/\/contraluzcucuta.co\/index.php?rest_route=%2Fwp%2Fv2%2Fcategories&post=14063"},{"taxonomy":"post_tag","embeddable":true,"href":"https:\/\/contraluzcucuta.co\/index.php?rest_route=%2Fwp%2Fv2%2Ftags&post=14063"}],"curies":[{"name":"wp","href":"https:\/\/api.w.org\/{rel}","templated":true}]}}