{"id":14048,"date":"2012-09-14T20:28:39","date_gmt":"2012-09-15T01:28:39","guid":{"rendered":"http:\/\/contraluzcucuta.co\/?p=14048"},"modified":"2012-09-14T20:28:39","modified_gmt":"2012-09-15T01:28:39","slug":"alcalde-pide-proteccion-para-concejal-pedro-duran","status":"publish","type":"post","link":"https:\/\/contraluzcucuta.co\/?p=14048","title":{"rendered":"Alcalde pide protecci\u00f3n para concejal Pedro Dur\u00e1n"},"content":{"rendered":"<p>C\u00daCUTA.- El alcalde Donamaris Ram\u00edrez solicit\u00f3 protecci\u00f3n especial para el concejal liberal Pedro Dur\u00e1n, ante las reiteradas declaraciones de amenazas contra su integridad.<br \/>\nDur\u00e1n Barajas entreg\u00f3 a la procuradur\u00eda, recientemente, una grabaci\u00f3n en la que se escucha la voz, presumiblemente, de Ram\u00edrez pidiendo dinero a due\u00f1os de tierras en el municipio para repartirlo entre los miembros de la corporaci\u00f3n p\u00fablica y as\u00ed asegurar la aprobaci\u00f3n de un proyecto de acuerdo.<br \/>\nEl esc\u00e1ndalo sacudi\u00f3 los cimientos pol\u00edticos cucute\u00f1os y desde entonces Pedro Dur\u00e1n ha denunciado llamadas an\u00f3nimas amenazantes contra su vida. Las autoridades judiciales conocen de la existencia de las intimidaciones.<br \/>\nEl Alcalde le solicit\u00f3 al comandante de la Polic\u00eda metropolitana, coronel \u00c1lvaro Pico Malaver \u201cfacilitar la protecci\u00f3n del mun\u00edcipe\u201d, teniendo como argumentos las repetidas declaraciones del concejal, difundidas en la radio local y nacional, y reiteradas en medios escritos de la ciudad.<br \/>\n\u201cLe pido revisar mi esquema de seguridad y se retiren las unidades que Usted considere necesarias. Y paso siguiente si Usted, lo considera, se le asigne un n\u00famero igual de polic\u00edas escogidos por el mismo concejal\u201d, le escribi\u00f3.<br \/>\nDonamaris Ram\u00edrez se mostr\u00f3 absolutamente seguro de que ninguna declaraci\u00f3n, ni hecho que tenga que ver con la administraci\u00f3n municipal \u201cle pueda acarrear ninguna clase de problema en la integridad y seguridad del se\u00f1or concejal\u201d.   <\/p>\n","protected":false},"excerpt":{"rendered":"<p>C\u00daCUTA.- El alcalde Donamaris Ram\u00edrez solicit\u00f3 protecci\u00f3n especial para el concejal liberal Pedro Dur\u00e1n, ante las reiteradas declaraciones de amenazas contra su integridad. Dur\u00e1n Barajas entreg\u00f3 a la procuradur\u00eda, recientemente, una grabaci\u00f3n en la que se escucha la voz, presumiblemente, de Ram\u00edrez pidiendo dinero a due\u00f1os de tierras en el municipio para repartirlo entre los &hellip;<\/p>\n","protected":false},"author":1,"featured_media":14049,"comment_status":"open","ping_status":"open","sticky":false,"template":"","format":"standard","meta":{"footnotes":""},"categories":[4,9],"tags":[271,461],"class_list":["post-14048","post","type-post","status-publish","format-standard","has-post-thumbnail","hentry","category-barra","category-politica","tag-alcalde-donamaris-ramirez","tag-pedro-duran"],"_links":{"self":[{"href":"https:\/\/contraluzcucuta.co\/index.php?rest_route=\/wp\/v2\/posts\/14048","targetHints":{"allow":["GET"]}}],"collection":[{"href":"https:\/\/contraluzcucuta.co\/index.php?rest_route=\/wp\/v2\/posts"}],"about":[{"href":"https:\/\/contraluzcucuta.co\/index.php?rest_route=\/wp\/v2\/types\/post"}],"author":[{"embeddable":true,"href":"https:\/\/contraluzcucuta.co\/index.php?rest_route=\/wp\/v2\/users\/1"}],"replies":[{"embeddable":true,"href":"https:\/\/contraluzcucuta.co\/index.php?rest_route=%2Fwp%2Fv2%2Fcomments&post=14048"}],"version-history":[{"count":2,"href":"https:\/\/contraluzcucuta.co\/index.php?rest_route=\/wp\/v2\/posts\/14048\/revisions"}],"predecessor-version":[{"id":14051,"href":"https:\/\/contraluzcucuta.co\/index.php?rest_route=\/wp\/v2\/posts\/14048\/revisions\/14051"}],"wp:featuredmedia":[{"embeddable":true,"href":"https:\/\/contraluzcucuta.co\/index.php?rest_route=\/wp\/v2\/media\/14049"}],"wp:attachment":[{"href":"https:\/\/contraluzcucuta.co\/index.php?rest_route=%2Fwp%2Fv2%2Fmedia&parent=14048"}],"wp:term":[{"taxonomy":"category","embeddable":true,"href":"https:\/\/contraluzcucuta.co\/index.php?rest_route=%2Fwp%2Fv2%2Fcategories&post=14048"},{"taxonomy":"post_tag","embeddable":true,"href":"https:\/\/contraluzcucuta.co\/index.php?rest_route=%2Fwp%2Fv2%2Ftags&post=14048"}],"curies":[{"name":"wp","href":"https:\/\/api.w.org\/{rel}","templated":true}]}}