{"id":14028,"date":"2012-09-09T06:27:26","date_gmt":"2012-09-09T11:27:26","guid":{"rendered":"http:\/\/contraluzcucuta.co\/?p=14028"},"modified":"2012-09-09T06:27:26","modified_gmt":"2012-09-09T11:27:26","slug":"remplazadas-23-000-luminarias-en-ocho-meses","status":"publish","type":"post","link":"https:\/\/contraluzcucuta.co\/?p=14028","title":{"rendered":"Remplazadas 23.000 luminarias, en ocho meses"},"content":{"rendered":"<p>C\u00daCUTA.- Veintitr\u00e9s mil farolas se han instalado en las 10 comunas de C\u00facuta, en los ocho meses del 2012. La administraci\u00f3n municipal adelant\u00f3 el programa \u2018Toma del Alumbrado P\u00fablico\u2019, que comenz\u00f3 en la Comuna 7 y culmin\u00f3 en la 6.<br \/>\nEn los observatorios de seguridad desarrollados por la Alcald\u00eda, la mayor queja se centr\u00f3 en la oscuridad, c\u00f3mplice de los delincuentes para cometer fechor\u00edas.<br \/>\nEl alcalde Donamaris Ram\u00edrez recorri\u00f3 calle por calle los barrios cucute\u00f1os  y donde no prend\u00eda una farola Alumbrado P\u00fablico la remplazaba. En los \u00faltimos meses, funcionarios de la Alcald\u00eda y de la empresa se dedicaron al cambio y mantenimiento de las luminarias.<br \/>\nAntes de terminar el 2012, la cifra aumentar\u00e1 a 25.000 farolas. Centrales El\u00e9ctricas suscribi\u00f3 un convenio para cambiar los postes que en algunos sectores amenazan a los habitantes por el mal estado y otros est\u00e1n a punto de derribarse.<br \/>\nLa Comuna 6, la \u00faltima que le correspondi\u00f3 a la Toma del Alumbrado, la conforman los barrios Virgilio Barco, Porvenir, Alonsito, San Gerardo, Aeropuerto, Panamericano, El Salado, La \u00cdnsula, Colinas de la Victoria, Sevilla, Cerro Norte, Cerro de La Cruz, Camilo Daza, Sim\u00f3n Bol\u00edvar, Ca\u00f1o Lim\u00f3n, Trigal de Norte.<\/p>\n","protected":false},"excerpt":{"rendered":"<p>C\u00daCUTA.- Veintitr\u00e9s mil farolas se han instalado en las 10 comunas de C\u00facuta, en los ocho meses del 2012. La administraci\u00f3n municipal adelant\u00f3 el programa \u2018Toma del Alumbrado P\u00fablico\u2019, que comenz\u00f3 en la Comuna 7 y culmin\u00f3 en la 6. En los observatorios de seguridad desarrollados por la Alcald\u00eda, la mayor queja se centr\u00f3 en &hellip;<\/p>\n","protected":false},"author":1,"featured_media":14029,"comment_status":"open","ping_status":"open","sticky":false,"template":"","format":"standard","meta":{"footnotes":""},"categories":[6],"tags":[456],"class_list":["post-14028","post","type-post","status-publish","format-standard","has-post-thumbnail","hentry","category-ojo-avizor","tag-alumbrado-publico"],"_links":{"self":[{"href":"https:\/\/contraluzcucuta.co\/index.php?rest_route=\/wp\/v2\/posts\/14028","targetHints":{"allow":["GET"]}}],"collection":[{"href":"https:\/\/contraluzcucuta.co\/index.php?rest_route=\/wp\/v2\/posts"}],"about":[{"href":"https:\/\/contraluzcucuta.co\/index.php?rest_route=\/wp\/v2\/types\/post"}],"author":[{"embeddable":true,"href":"https:\/\/contraluzcucuta.co\/index.php?rest_route=\/wp\/v2\/users\/1"}],"replies":[{"embeddable":true,"href":"https:\/\/contraluzcucuta.co\/index.php?rest_route=%2Fwp%2Fv2%2Fcomments&post=14028"}],"version-history":[{"count":2,"href":"https:\/\/contraluzcucuta.co\/index.php?rest_route=\/wp\/v2\/posts\/14028\/revisions"}],"predecessor-version":[{"id":14031,"href":"https:\/\/contraluzcucuta.co\/index.php?rest_route=\/wp\/v2\/posts\/14028\/revisions\/14031"}],"wp:featuredmedia":[{"embeddable":true,"href":"https:\/\/contraluzcucuta.co\/index.php?rest_route=\/wp\/v2\/media\/14029"}],"wp:attachment":[{"href":"https:\/\/contraluzcucuta.co\/index.php?rest_route=%2Fwp%2Fv2%2Fmedia&parent=14028"}],"wp:term":[{"taxonomy":"category","embeddable":true,"href":"https:\/\/contraluzcucuta.co\/index.php?rest_route=%2Fwp%2Fv2%2Fcategories&post=14028"},{"taxonomy":"post_tag","embeddable":true,"href":"https:\/\/contraluzcucuta.co\/index.php?rest_route=%2Fwp%2Fv2%2Ftags&post=14028"}],"curies":[{"name":"wp","href":"https:\/\/api.w.org\/{rel}","templated":true}]}}