{"id":14004,"date":"2012-09-07T22:39:50","date_gmt":"2012-09-08T03:39:50","guid":{"rendered":"http:\/\/contraluzcucuta.co\/?p=14004"},"modified":"2012-09-07T22:39:50","modified_gmt":"2012-09-08T03:39:50","slug":"mediadores-de-las-farc-exgerente-de-banco-excongresista-y-expersonero","status":"publish","type":"post","link":"https:\/\/contraluzcucuta.co\/?p=14004","title":{"rendered":"Mediadores de las Farc: exgerente de banco, excongresista y expersonero"},"content":{"rendered":"<p>C\u00daCUTA.- Las Fuerzas Armadas Revolucionarias de Colombia (Farc) escogieron a los voceros encargados de negociar con el Gobierno el acuerdo de paz. Juvenal Ricardo Palmera, Luciano Mar\u00edn Arango y Jes\u00fas Santrich son las fichas de la guerrilla.<br \/>\nEn el grupo resalta que en el pasado los elegidos hayan tenido cargos en entidades p\u00fablicas y privadas. Palmera fue gerente de banco; Mar\u00edn Arango, congresista, y Santrich, personero de Coloso (Sucre)<br \/>\nUn perfil de los tres guerrilleros e el siguiente:<br \/>\n\u2018SIM\u00d3N TRINIDAD\u2019<br \/>\nJuvenal Ricardo Ovidio Palmera Pineda, alias \u2018Sim\u00f3n Trinidad\u00b4  o  \u00b4Federico Bog\u00f3ta\u00b4, de 62 a\u00f1os, comandante del bloque Caribe de las Farc (1987 &#8211; 2004), particip\u00f3 en el conflicto armado de Colombia. Se le acusa de rebeli\u00f3n y secuestro con fines extorsivos.<br \/>\nEn 1987, despu\u00e9s de una huelga campesina en la plaza Alfonso L\u00f3pez, de Valledupar, rob\u00f3 $30 millones del banco en el que era gerente, y escap\u00f3 hacia las monta\u00f1as de la Sierra Nevada (Santa Marta). A partir de ese momento se uni\u00f3 a las Farc. Se llev\u00f3 una lista de transacciones de millonarios de la regi\u00f3n y despu\u00e9s la utiliz\u00f3 para secuestros y extorsiones a comerciantes y agricultores.<br \/>\nPalmera particip\u00f3 como negociador de alto rango en los fallidos di\u00e1logos de paz entre 1998 y 2002. En enero de 2004, fue capturado en Quito y deportado a Colombia. Enfrent\u00f3 cargos por rebeli\u00f3n, secuestro y posterior asesinato de la exministra Consuelo Araujo, y extorsi\u00f3n y secuestro de exsocios bancarios, examigos de la infancia y familiares. .<br \/>\nEn noviembre del 2004, la Corte Suprema de Justicia aprob\u00f3 la extradici\u00f3n de Palmera a Estados Unidos, por tr\u00e1fico de drogas y lavado de activos. Enfrent\u00f3 juicios por secuestro y tr\u00e1fico de drogas. En el primer caso fue condenado a 60 a\u00f1os de prisi\u00f3n, mientras el juicio por tr\u00e1fico de drogas no prosper\u00f3.<br \/>\n\u2018IV\u00c1N M\u00c1RQUEZ\u2019<br \/>\nLuciano Mar\u00edn Arango, alias \u2018Iv\u00e1n M\u00e1rquez\u2019, naci\u00f3 en 1955, en Florencia (Caquet\u00e1). Ascendi\u00f3  a la comandancia del bloque Caribe y miembro del Secretariado de las Farc. Comparte el secretariado con alias \u2018Timole\u00f3n Jim\u00e9nez, alias \u2018Mauricio Jaramillo\u2019, alias \u2018Pablo Catatumbo\u2019, alias \u2018Bertulfo\u2019, alias \u2018Joaqu\u00edn G\u00f3mez\u2019 y alias \u2018Pastor Alape\u2019.<br \/>\nM\u00e1rquez represent\u00f3 en el Congreso al Caquet\u00e1, en la d\u00e9cada de 1980, avalado por la Uni\u00f3n Patri\u00f3tica, junto con Braulio Herrera. Se salv\u00f3 del exterminio de m\u00e1s de 3000 militantes de la organizaci\u00f3n pol\u00edtica, por considerarla el brazo pol\u00edtico de las Farc.<br \/>\nEn el gobierno de \u00c1lvaro Uribe V\u00e9lez (2002 &#8211; 2010), \u2018Ivan M\u00e1rquez\u2019 intent\u00f3 negociar el &#8220;acuerdo humanitario&#8221;. Las Farc exigieron el despeje de Florida y Pradera para llevar a buen t\u00e9rmino la negociaci\u00f3n, que dar\u00eda libertad a pol\u00edticos, militares y polic\u00edas secuestrados. Uribe se opuso a las peticiones y solo pidi\u00f3 hacer un alto a las maniobras violentas para conversar de paz. Hugo Ch\u00e1vez fue designado mediador.<br \/>\nLas relaciones con el gobierno venezolano decayeron por la crisis diplom\u00e1tica. En los computadores incautados a \u2018Ra\u00fal Reyes\u2019 salieron a relucir posibles nexos entre las Farc y el gobierno venezolano. De acuerdo con desmovilizados y con documentos \u2018M\u00e1rquez\u2019 y otros jefes guerrilleros compart\u00edan campamentos en territorio venezolano, bajo la protecci\u00f3n del gobierno Ch\u00e1vez.<br \/>\nJES\u00daS SANTRICH<br \/>\nAlias \u2018Seusis Pausivas Hern\u00e1ndez\u2019 es la punta de lanza de las Farc en las relaciones internacionales. Representa la l\u00ednea dura del ala pol\u00edtica. Conoce la historia de las Farc y defiende el car\u00e1cter agrario de esta guerrilla. Es el m\u00e1s joven del bloque intelectual, y el m\u00e1s activo en la tarea pol\u00edtica. Representa una l\u00ednea ortodoxa, pero de su mano las Farc tienen un discurso que impera m\u00e1s que la milicia.<br \/>\nEste hombre modesto, firme, radical y paciente, naci\u00f3 en Sucre, en 1967. Desde ni\u00f1o se lig\u00f3 a la Juventud Comunista. Estudi\u00f3 derecho y ciencias sociales, hizo un postgrado en historia, en la \u00e9poca en la que comenz\u00f3 la persecuci\u00f3n contra la Uni\u00f3n Patri\u00f3tica, tom\u00f3 la determinaci\u00f3n  de enlistarse en la guerrilla. Entr\u00f3 al frente 19, al mando de Ad\u00e1n Izquierdo Ten\u00eda 21 a\u00f1os.<br \/>\nAntes de vincularse a la guerrilla, Jes\u00fas Santrich fue personero de Coloso (Sucre). Fue el segundo de Iv\u00e1n M\u00e1rquez. Vive en la frontera con Venezuela. Tiene \u00f3rdenes de captura  por concierto para delinquir, rebeli\u00f3n y reclutamiento il\u00edcito.<\/p>\n","protected":false},"excerpt":{"rendered":"<p>C\u00daCUTA.- Las Fuerzas Armadas Revolucionarias de Colombia (Farc) escogieron a los voceros encargados de negociar con el Gobierno el acuerdo de paz. Juvenal Ricardo Palmera, Luciano Mar\u00edn Arango y Jes\u00fas Santrich son las fichas de la guerrilla. En el grupo resalta que en el pasado los elegidos hayan tenido cargos en entidades p\u00fablicas y privadas. &hellip;<\/p>\n","protected":false},"author":1,"featured_media":14005,"comment_status":"open","ping_status":"open","sticky":false,"template":"","format":"standard","meta":{"footnotes":""},"categories":[7,4],"tags":[450],"class_list":["post-14004","post","type-post","status-publish","format-standard","has-post-thumbnail","hentry","category-acontecimientos","category-barra","tag-negociadores-de-paz"],"_links":{"self":[{"href":"https:\/\/contraluzcucuta.co\/index.php?rest_route=\/wp\/v2\/posts\/14004","targetHints":{"allow":["GET"]}}],"collection":[{"href":"https:\/\/contraluzcucuta.co\/index.php?rest_route=\/wp\/v2\/posts"}],"about":[{"href":"https:\/\/contraluzcucuta.co\/index.php?rest_route=\/wp\/v2\/types\/post"}],"author":[{"embeddable":true,"href":"https:\/\/contraluzcucuta.co\/index.php?rest_route=\/wp\/v2\/users\/1"}],"replies":[{"embeddable":true,"href":"https:\/\/contraluzcucuta.co\/index.php?rest_route=%2Fwp%2Fv2%2Fcomments&post=14004"}],"version-history":[{"count":2,"href":"https:\/\/contraluzcucuta.co\/index.php?rest_route=\/wp\/v2\/posts\/14004\/revisions"}],"predecessor-version":[{"id":14007,"href":"https:\/\/contraluzcucuta.co\/index.php?rest_route=\/wp\/v2\/posts\/14004\/revisions\/14007"}],"wp:featuredmedia":[{"embeddable":true,"href":"https:\/\/contraluzcucuta.co\/index.php?rest_route=\/wp\/v2\/media\/14005"}],"wp:attachment":[{"href":"https:\/\/contraluzcucuta.co\/index.php?rest_route=%2Fwp%2Fv2%2Fmedia&parent=14004"}],"wp:term":[{"taxonomy":"category","embeddable":true,"href":"https:\/\/contraluzcucuta.co\/index.php?rest_route=%2Fwp%2Fv2%2Fcategories&post=14004"},{"taxonomy":"post_tag","embeddable":true,"href":"https:\/\/contraluzcucuta.co\/index.php?rest_route=%2Fwp%2Fv2%2Ftags&post=14004"}],"curies":[{"name":"wp","href":"https:\/\/api.w.org\/{rel}","templated":true}]}}