{"id":13995,"date":"2012-09-06T22:48:27","date_gmt":"2012-09-07T03:48:27","guid":{"rendered":"http:\/\/contraluzcucuta.co\/?p=13995"},"modified":"2012-09-06T22:50:09","modified_gmt":"2012-09-07T03:50:09","slug":"vladdo-al-que-me-cae-gordo-lo-vuelvo-muneco","status":"publish","type":"post","link":"https:\/\/contraluzcucuta.co\/?p=13995","title":{"rendered":"Vladdo: \u201cAl que me cae gordo lo vuelvo mu\u00f1eco\u201d"},"content":{"rendered":"<p>C\u00daCUTA.- El caricaturista Vladdo visit\u00f3 por primera vez a C\u00facuta, deleit\u00f3 al p\u00fablico que asisti\u00f3 a la presentaci\u00f3n del libro \u201825 a\u00f1os en obra\u2019, cont\u00f3 parte de su vida, mostr\u00f3 algunos de los trabajos contenidos en el texto y despu\u00e9s de firmar aut\u00f3grafos se afan\u00f3 por llegar al aeropuerto Camilo Daza porque \u201ctengo que salir pitado para Bogot\u00e1\u201d. Ocurri\u00f3 la noche del 9 de septiembre.<br \/>\nEl primer disparo lo peg\u00f3 contra los pol\u00edticos colombianos. Mir\u00f3 el reloj y puso l\u00edmite al tiempo de la charla, aunque dijo que podr\u00eda \u201csentarse a hablar y hablar y no decir nada, como los congresistas\u201d. Vladdo vino como invitado a la octava Fiesta del Libro de C\u00facuta.<br \/>\nPidi\u00f3 a los cucute\u00f1os que al final de la intervenci\u00f3n hicieran las preguntas, y los condicion\u00f3 para que los interrogantes tuvieran tres ingredientes especiales, ser directas, ir al grano y sin \u201ctimochenquiar\u201d. A la postre no hubo preguntas, porque al presentar a Aleida plante\u00f3 las cinco que por costumbre le hacen en sus disertaciones.<br \/>\n1.- \u00bfPor qu\u00e9 Aleida no tiene boca?<br \/>\n&#8211; Porque ser\u00eda mentirosa como Noem\u00ed y sumisa como Lina Moreno.<br \/>\n2.- \u00bfUsted es gay?<br \/>\n&#8211; Todav\u00eda no.<br \/>\n3.- \u00bfEst\u00e1 basada en alguien real?<br \/>\n&#8211; S\u00ed y no.<br \/>\n4.- \u00bfC\u00f3mo hace un tipo para pensar como una vieja?<br \/>\n&#8211; El mundo ser\u00eda mejor si los hombres fu\u00e9ramos m\u00e1s nenas.<br \/>\n5.- \u00bfPor qu\u00e9 Aleida?<br \/>\n&#8211; Porque en el barrio donde crec\u00ed el sal\u00f3n de belleza se llamaba Aleida. No  es un nombre raro ni extravagante.<br \/>\n\u201cNos llevamos bien\u201d, dijo para rematar el cap\u00edtulo dedicado a la mujer que cre\u00f3 y que se expresa con libertad en torno a los m\u00faltiples asuntos que ocurren en el pa\u00eds.<br \/>\nVladdo naci\u00f3 en Armenia. La chispa para la caricatura se le prendi\u00f3 en la \u00e9poca del colegio. Era un ni\u00f1o menudo y para desquitarse de los grandulones del sal\u00f3n que le pegaban, los ridiculizaba con los dibujos. Por ese f\u00edsico debilucho siempre estuvo acompa\u00f1ado de las ni\u00f1as del curso y conoci\u00f3 muchos de los secretos de las mujeres.<br \/>\nNo jug\u00f3 f\u00fatbol por una simple raz\u00f3n, \u201cen la cancha no pod\u00eda haber dos pelotas\u201d. Al crecer, pudo ser un tipo James Bond, ganarse el premio Oscar de la Academia como actor, dirigir oficinas de prensa o llegar a ser presidente de la rep\u00fablica.<br \/>\nLa vida no le sonri\u00f3 y se qued\u00f3 como \u201ccaricaturista\u201d. Al presentarse como tal, siempre le preguntan con incredulidad y admiraci\u00f3n \u2018\u00bfy qu\u00e9 hace?\u2019. Una sonrisa basta para desarmar al interrogador.<br \/>\nEn 1986, decidi\u00f3 que el futuro estar\u00eda en los medios impresos. Busc\u00f3 trabajo en el peri\u00f3dico bogotano La Rep\u00fablica. Present\u00f3 la prueba. Dibuj\u00f3 cuatro rostros que convencieron al jefe y lo contrat\u00f3. Desde ese momento han pasado 26 a\u00f1os.<br \/>\nLa primera caricatura que dibuj\u00f3 fue pol\u00edtica. El expresidente Barco tira de un carruaje romano luego de la convenci\u00f3n liberal. Samper se muestra victorioso, mientras Gal\u00e1n arrastra la pena de la derrota. Por ese trabajo le pagaron $300, lo mismo que costaba una hamburguesa.<br \/>\nConfes\u00f3 que \u201cser caricaturista es complicado\u201d, m\u00e1xime cuando en la casa, al tomar la decisi\u00f3n de seguir ese oficio, lo interrogaron con desd\u00e9n \u2018\u00bfusted cree que se va a ganar la vida haciendo mamarrachos?\u2019. El tiempo ech\u00f3 por tierra la incredulidad familiar. Ahora, con la experiencia de un cuarto de siglo sobre la espalda,  \u201cal que me cae gordo lo vuelvo mu\u00f1eco\u201d.<br \/>\nEl libro recoge 25 a\u00f1os de trabajo repartidos en 25 retratos, 25 ilustraciones, 25 desnudos y 25 rostros de Aleida. Y la \u00faltima revelaci\u00f3n: \u201csoy antiuribista de pura cepa\u201d. Firm\u00f3 varios libros y sali\u00f3 \u201cpitado para Bogot\u00e1.<br \/>\nRAFAEL ANTONIO PAB\u00d3N<br \/>\nrafaelpabon58@hotmail.com<\/p>\n","protected":false},"excerpt":{"rendered":"<p>C\u00daCUTA.- El caricaturista Vladdo visit\u00f3 por primera vez a C\u00facuta, deleit\u00f3 al p\u00fablico que asisti\u00f3 a la presentaci\u00f3n del libro \u201825 a\u00f1os en obra\u2019, cont\u00f3 parte de su vida, mostr\u00f3 algunos de los trabajos contenidos en el texto y despu\u00e9s de firmar aut\u00f3grafos se afan\u00f3 por llegar al aeropuerto Camilo Daza porque \u201ctengo que salir &hellip;<\/p>\n","protected":false},"author":1,"featured_media":13996,"comment_status":"open","ping_status":"open","sticky":false,"template":"","format":"standard","meta":{"footnotes":""},"categories":[4,37],"tags":[437,449],"class_list":["post-13995","post","type-post","status-publish","format-standard","has-post-thumbnail","hentry","category-barra","category-paseo-cultural","tag-fiesta-del-libro-en-cucuta","tag-vladdo"],"_links":{"self":[{"href":"https:\/\/contraluzcucuta.co\/index.php?rest_route=\/wp\/v2\/posts\/13995","targetHints":{"allow":["GET"]}}],"collection":[{"href":"https:\/\/contraluzcucuta.co\/index.php?rest_route=\/wp\/v2\/posts"}],"about":[{"href":"https:\/\/contraluzcucuta.co\/index.php?rest_route=\/wp\/v2\/types\/post"}],"author":[{"embeddable":true,"href":"https:\/\/contraluzcucuta.co\/index.php?rest_route=\/wp\/v2\/users\/1"}],"replies":[{"embeddable":true,"href":"https:\/\/contraluzcucuta.co\/index.php?rest_route=%2Fwp%2Fv2%2Fcomments&post=13995"}],"version-history":[{"count":3,"href":"https:\/\/contraluzcucuta.co\/index.php?rest_route=\/wp\/v2\/posts\/13995\/revisions"}],"predecessor-version":[{"id":13999,"href":"https:\/\/contraluzcucuta.co\/index.php?rest_route=\/wp\/v2\/posts\/13995\/revisions\/13999"}],"wp:featuredmedia":[{"embeddable":true,"href":"https:\/\/contraluzcucuta.co\/index.php?rest_route=\/wp\/v2\/media\/13996"}],"wp:attachment":[{"href":"https:\/\/contraluzcucuta.co\/index.php?rest_route=%2Fwp%2Fv2%2Fmedia&parent=13995"}],"wp:term":[{"taxonomy":"category","embeddable":true,"href":"https:\/\/contraluzcucuta.co\/index.php?rest_route=%2Fwp%2Fv2%2Fcategories&post=13995"},{"taxonomy":"post_tag","embeddable":true,"href":"https:\/\/contraluzcucuta.co\/index.php?rest_route=%2Fwp%2Fv2%2Ftags&post=13995"}],"curies":[{"name":"wp","href":"https:\/\/api.w.org\/{rel}","templated":true}]}}