{"id":13991,"date":"2012-09-06T22:05:06","date_gmt":"2012-09-07T03:05:06","guid":{"rendered":"http:\/\/contraluzcucuta.co\/?p=13991"},"modified":"2012-09-06T22:05:06","modified_gmt":"2012-09-07T03:05:06","slug":"camara-de-comercio-presento-100-ideas-para-la-ciudad","status":"publish","type":"post","link":"https:\/\/contraluzcucuta.co\/?p=13991","title":{"rendered":"C\u00e1mara de Comercio present\u00f3 \u2018100 ideas para la ciudad\u2019"},"content":{"rendered":"<p>C\u00daCUTA.- La C\u00e1mara de Comercio de C\u00facuta present\u00f3 el libro \u2018100 ideas para la ciudad\u2019, resultado del concurso organizado por Corpocero, La Opini\u00f3n y la Fundaci\u00f3n para la Cultura Urbana, con el objetivo de promover la participaci\u00f3n de los cucute\u00f1os en busca del mejoramiento de la capital de Norte de Santander.<br \/>\nEn la elecci\u00f3n final de las propuestas se tuvieron en cuenta las relacionadas con cultura, arte, convivencia y participaci\u00f3n ciudadanas, urbanismo, educaci\u00f3n, salud, infraestructura y econom\u00eda.<br \/>\nAlgunas de las ideas est\u00e1n en marcha, y destacan el rescate del r\u00edo Pamplonita para la recreaci\u00f3n y el turismo, mediante el proyecto de recuperaci\u00f3n de El Malec\u00f3n.<br \/>\nOtra iniciativa que cuenta con el compromiso del Gobierno para la ejecuci\u00f3n es la construcci\u00f3n del Centro de Convenciones. El desarrollo ser\u00e1 en conjunto con la C\u00e1mara, la Gobernaci\u00f3n y la Alcald\u00eda.<br \/>\nLa Corporaci\u00f3n Mixta de Promoci\u00f3n de Norte de Santander trabaja en el proyecto de marca para la ciudad, y la Secretar\u00eda de Cultura en cultura ciudadana.<br \/>\nEl acto se cumpli\u00f3 en el cuarto d\u00eda de la Fiesta del Libro que se lleva a cabo en C\u00facuta.<br \/>\nEntre las ideas planteadas y contenidas en el libro destacan:<br \/>\n1.- Cultura<br \/>\na. Parques tem\u00e1ticos<br \/>\nb. Paraderos de buses<br \/>\n2.- Arte<br \/>\na. Monumento a la raza motilona<br \/>\nb. Zonas verdes y espacios culturales<br \/>\n3.- Recreaci\u00f3n y deporte<br \/>\na. Centro integral de capacitaci\u00f3n deportiva<br \/>\nb. Rescate del r\u00edo Pamplonita para la recreaci\u00f3n<br \/>\n4.- Convivencia y participaci\u00f3n ciudadana<br \/>\na. Formaci\u00f3n humana<br \/>\nb. Protecci\u00f3n a ni\u00f1os y ancianos de la calle<br \/>\n5.- Urbanismo<br \/>\na. La ciudad del \u00faltimo piso<br \/>\nb. L\u00edneas, momentos y recuerdos de la ciudad<br \/>\n6.- Educaci\u00f3n<br \/>\na. Educaci\u00f3n t\u00e9cnica gratuita<br \/>\nb. centro tem\u00e1tico<br \/>\n7.- Salud<br \/>\na. Dispensadores de condones<br \/>\nb. laguna de oxidaci\u00f3n para purificar el r\u00edo<br \/>\n8.- Econom\u00eda<br \/>\na. Locales para promocionar a C\u00facuta<br \/>\nb. Reforestaci\u00f3n frut\u00edcola<br \/>\n9.- Infraestructura y servicios<br \/>\na. Campa\u00f1a de concientizaci\u00f3n<br \/>\nb. Boletas para el pago del trasporte p\u00fablico<br \/>\n10.- Gesti\u00f3n<br \/>\na. Infancia desamparada<\/p>\n","protected":false},"excerpt":{"rendered":"<p>C\u00daCUTA.- La C\u00e1mara de Comercio de C\u00facuta present\u00f3 el libro \u2018100 ideas para la ciudad\u2019, resultado del concurso organizado por Corpocero, La Opini\u00f3n y la Fundaci\u00f3n para la Cultura Urbana, con el objetivo de promover la participaci\u00f3n de los cucute\u00f1os en busca del mejoramiento de la capital de Norte de Santander. En la elecci\u00f3n final &hellip;<\/p>\n","protected":false},"author":1,"featured_media":13992,"comment_status":"open","ping_status":"open","sticky":false,"template":"","format":"standard","meta":{"footnotes":""},"categories":[4],"tags":[448,375,149],"class_list":["post-13991","post","type-post","status-publish","format-standard","has-post-thumbnail","hentry","category-barra","tag-100-ideas-para-cucuta","tag-camara-de-comercio-de-cucuta","tag-fiesta-del-libro"],"_links":{"self":[{"href":"https:\/\/contraluzcucuta.co\/index.php?rest_route=\/wp\/v2\/posts\/13991","targetHints":{"allow":["GET"]}}],"collection":[{"href":"https:\/\/contraluzcucuta.co\/index.php?rest_route=\/wp\/v2\/posts"}],"about":[{"href":"https:\/\/contraluzcucuta.co\/index.php?rest_route=\/wp\/v2\/types\/post"}],"author":[{"embeddable":true,"href":"https:\/\/contraluzcucuta.co\/index.php?rest_route=\/wp\/v2\/users\/1"}],"replies":[{"embeddable":true,"href":"https:\/\/contraluzcucuta.co\/index.php?rest_route=%2Fwp%2Fv2%2Fcomments&post=13991"}],"version-history":[{"count":2,"href":"https:\/\/contraluzcucuta.co\/index.php?rest_route=\/wp\/v2\/posts\/13991\/revisions"}],"predecessor-version":[{"id":13994,"href":"https:\/\/contraluzcucuta.co\/index.php?rest_route=\/wp\/v2\/posts\/13991\/revisions\/13994"}],"wp:featuredmedia":[{"embeddable":true,"href":"https:\/\/contraluzcucuta.co\/index.php?rest_route=\/wp\/v2\/media\/13992"}],"wp:attachment":[{"href":"https:\/\/contraluzcucuta.co\/index.php?rest_route=%2Fwp%2Fv2%2Fmedia&parent=13991"}],"wp:term":[{"taxonomy":"category","embeddable":true,"href":"https:\/\/contraluzcucuta.co\/index.php?rest_route=%2Fwp%2Fv2%2Fcategories&post=13991"},{"taxonomy":"post_tag","embeddable":true,"href":"https:\/\/contraluzcucuta.co\/index.php?rest_route=%2Fwp%2Fv2%2Ftags&post=13991"}],"curies":[{"name":"wp","href":"https:\/\/api.w.org\/{rel}","templated":true}]}}