{"id":13986,"date":"2012-09-06T07:23:24","date_gmt":"2012-09-06T12:23:24","guid":{"rendered":"http:\/\/contraluzcucuta.co\/?p=13986"},"modified":"2012-09-06T07:24:35","modified_gmt":"2012-09-06T12:24:35","slug":"efemerides-cucutenas-septiembre","status":"publish","type":"post","link":"https:\/\/contraluzcucuta.co\/?p=13986","title":{"rendered":"EFEM\u00c9RIDES CUCUTE\u00d1AS: Septiembre"},"content":{"rendered":"<p>A.\tEfem\u00e9rides<br \/>\nHace 50 a\u00f1os: Septiembre de 1962&#8230;<br \/>\nA.\t1 de septiembre: El C\u00facuta Deportivo en su visita a Manizales, perdi\u00f3 4 \u2013 1. El gol motil\u00f3n fue conseguido por \u2018Tinta\u2019 Gonz\u00e1lez.<br \/>\nB.\t4 de septiembre: Falleci\u00f3 \u2018Manino\u2019 Escobar. El decreto 167 de 1962, honr\u00f3 su vida.<br \/>\nC.\t11 de septiembre: Con ocasi\u00f3n al 55 aniversario de Coltejer, organiz\u00f3 el concurso para premiar al mejor bachiller de cada departamento.<br \/>\nD.\t21 de septiembre: Se posesion\u00f3 como Gobernador de N. de S., Eduardo Cote Lamus; y como alcalde de C\u00facuta, V\u00edctor J. Chaustre.   <\/p>\n<p>Hace 40 a\u00f1os: Septiembre de 1972\u2026<br \/>\nA.\t1 de septiembre: 15 a\u00f1os cumpli\u00f3 el Sena en el dpto. Fue condecorada la bandera de esa entidad.<br \/>\nB.\t8 de septiembre: El gobernador P\u00e9rez Escalante anunci\u00f3 que la \u2018Toto\u2019 ser\u00e1 cubierta.<br \/>\nC.\t15 de septiembre: El alcalde de C\u00facuta, Juan Agust\u00edn Ram\u00edrez Calder\u00f3n sufri\u00f3 un s\u00edndrome neurovascular.<br \/>\nD.\t25 de agosto: El torero cucute\u00f1o \u2018Curro\u2019 Lara, volvi\u00f3 a los ruedos en la feria de Chin\u00e1cota.   <\/p>\n<p>Hace 30 a\u00f1os: Septiembre de 1982\u2026<br \/>\nA.\t1\u00ba de septiembre: Visita de 30 horas realiz\u00f3 la Madre Teresa de Calcuta.<br \/>\nB.\t10 de septiembre: 5 a\u00f1os cumpli\u00f3 el C\u00edrculo Nortesantandereano de Ingenieros Civiles (Cinici).<br \/>\nC.\t17 de septiembre: Fue inaugurado el edificio \u2018Caicedo\u2019 (Avenida 8\u00aa, calle 10 esquina).<br \/>\nD.\t23 de septiembre: Se dio inicio a la 27 Asamblea anual de \u2018Cotelco\u2019 en C\u00facuta. Jos\u00e9 G\u00e9lvez, director seccional.    <\/p>\n<p>Hace 20 a\u00f1os: Septiembre de 1992\u2026<br \/>\nA.\t1 de septiembre: Viviendas y Valores y Fundein, crearon el premio anual a la ingenier\u00eda regional \u2018 Gustavo Ararat Negr\u00f3n\u2019.<br \/>\nB.\t8 de septiembre: Autorizada la venta de carne de caballo en Pamplona.<br \/>\nC.\t14 de septiembre: El almac\u00e9n La Corona celebr\u00f3 el aniversario 40.<br \/>\nD.\t14 de septiembre: Se cumpli\u00f3 la romer\u00eda a la virgen de Bel\u00e9n en Salazar de las Palmas.<br \/>\nE.\t18 de septiembre: La Sociedad Nortesantandereana de Ingenieros cre\u00f3 el premio \u2018Emilio Gait\u00e1n Mart\u00edn\u2019, a la mejor obra del gremio en el departamento. Luis Eduardo Lobo Carvajalino, presidente de la agremiaci\u00f3n. <\/p>\n<p>Hace 10 a\u00f1os: Septiembre de 2002\u2026<br \/>\nA.\t3 de septiembre: Parto de trillizos en el Erasmo Meoz. Fue el segundo parto de trillizos en el a\u00f1o. El primero naci\u00f3 el 2 de febrero. .<br \/>\nB.\t16 de septiembre: Paro nacional de empleados estatales.<br \/>\nC.\t20 de agosto: El transporte escolar en la ciudad es \u2018pirata\u2019, informaron las autoridades del sector.<br \/>\nD.\t20 de agosto: Funerales gratis para los m\u00e1s pobres, anunci\u00f3 el concejal \u00c9dgar D\u00edaz Contreras.<br \/>\nE.\t22 de septiembre: El Club de Leones de Chin\u00e1cota celebr\u00f3 40 a\u00f1os de existencia.<br \/>\nF.\t22 de septiembre: Hace 12 a\u00f1os se cre\u00f3 el Comit\u00e9 Intergremial. Jaime C\u00e1rdenas primer presidente.<br \/>\nG.\t25 de septiembre. Carlos \u00c9dgar Duarte, Secretario de V\u00edas de C\u00facuta, anunci\u00f3 que la v\u00eda a Ure\u00f1a la ampliar\u00e1n a cuatro carriles. En el 2012, fue realidad.    <\/p>\n<p>OTRAS EFEM\u00c9RIDES:<br \/>\nSeptiembre 29 de 1913. El Concejo de C\u00facuta por medio del Acuerdo 44, denomin\u00f3 \u2018Plazuela del Libertador\u2019, los terrenos comprados entre las calles octava y novena, y las avenidas 3\u00aa y 4\u00aa. <\/p>\n<p>Septiembre 1 de 1914. Se constituy\u00f3 legalmente la Compa\u00f1\u00eda Unida El\u00e9ctrica del Norte, popularmente llamada \u2018Luz Norte\u2019. La planta de generaci\u00f3n estaba en Salazar.<\/p>\n<p>Septiembre 22 de 1919. El sacerdote Demetrio Mendoza cre\u00f3 \u2018La gota de leche\u2019, una obra social en bien de los necesitados.<\/p>\n<p>Septiembre 9 de 1922. 27 personas con indicios de lepra fueron sometidas a ex\u00e1menes. 23 dieron positivo. <\/p>\n<p>Septiembre 26 de 1930. Fue inaugurado el edificio y la f\u00e1brica de la Cervecer\u00eda nueva de C\u00facuta. Con el tiempo se fusion\u00f3 con la Cervecer\u00eda Santander.<\/p>\n<p>Septiembre 27 de 1930. Jos\u00e9 Rafael Unda don\u00f3 los terrenos del solar de su residencia, ubicada a espalda de la antigua iglesia de San Antonio, para edificar el nuevo templo. <\/p>\n<p>Septiembre 19 de 1944. Por medio del Decreto 262 de Mons. Rafael Afanador y Cadena cre\u00f3 la tercera parroquia de C\u00facuta, Nuestra Se\u00f1ora del Perpetuo Socorro. <\/p>\n<p>Septiembre 22 de 1944. Llegaron a C\u00facuta para instalarse la comunidad de las Hermanas Hijas de de la Caridad de San Vicente de Pa\u00fal, m\u00e1s conocidas como Las Vicentinas.  <\/p>\n<p>Septiembre 24 de 1945. Circul\u00f3 el libro \u2018C\u00facuta de otros d\u00edas\u2019, de Carlos Luis J\u00e1come. <\/p>\n<p>Septiembre 15 de 1947. Circul\u00f3 la primera edici\u00f3n de la revista \u2018C\u00facuta\u2019, \u00f3rgano de difusi\u00f3n de la Sociedad de Mejoras p\u00fablicas de C\u00facuta. <\/p>\n<p>Septiembre 3 de 1949. Fueron inauguradas las oficinas del Banco del Comercio en C\u00facuta. Primer gerente, Guillermo Eliseo Su\u00e1rez Pe\u00f1aranda. <\/p>\n<p>Septiembre 28 de 1949. Se constituy\u00f3 el C\u00facuta Deportivo. <\/p>\n<p>Septiembre 17 de 1954. Inaugurado el teatro Zulima.<br \/>\nSeptiembre 25 de 1957. Fue inaugurado el convento de las Hermanas Clarisas en C\u00facuta. <\/p>\n<p>Septiembre 12 de 1959. Pablo Correa Le\u00f3n se posesion\u00f3 como segundo Obispo de la Di\u00f3cesis de C\u00facuta. <\/p>\n<p>Septiembre 7 de 1965. La moneda venezolana se cotiz\u00f3 a $4,10; el d\u00f3lar a $18,60.<\/p>\n<p>Septiembre 27 de 1965. El arquitecto cucute\u00f1o Alfonso Leiva con su tesis \u2018Paisajismo del \u00e1rea de Vizinhanca Sao Miguel\u2019 fue premiado en Brasil.<\/p>\n<p>Septiembre 13 de 1967. Entr\u00f3 en circulaci\u00f3n el \u2018Peso c\u00edvico\u2019 a favor del Cuerpo de Bomberos de C\u00facuta. <\/p>\n<p>Septiembre 25 de 1967. Por resoluci\u00f3n 1152, la Aeron\u00e1utica Civil aprob\u00f3 para el servicio de jet la pista 02-20 del aeropuerto Camilo Daza. <\/p>\n<p>Septiembre 15 de 1973. Inaugurado el cementerio \u2018Jardines de San Jos\u00e9\u2019. El primero de su g\u00e9nero en C\u00facuta. <\/p>\n<p>Septiembre 5 de 1977. Avianca realiz\u00f3 el primer vuelo directo C\u00facuta \u2013 San Andr\u00e9s. <\/p>\n<p>Septiembre  7 de 1977. Le\u00f3n Colmenares Baptista fue nombrado embajador en Suiza.<\/p>\n<p>Septiembre 7 de 1985. Se inaugur\u00f3 la pavimentaci\u00f3n de la v\u00eda principal de El Salado.  <\/p>\n<p>B.\tNatalicios<br \/>\nSeptiembre 22 de 1858. El\u00edas M. Soto<br \/>\nSeptiembre 4 de 1874. Salvador Moreno (Artista)<br \/>\nSeptiembre 30 de 1894. Luis S\u00e1nchez Rizo<br \/>\nSeptiembre 14 de 1893. Emilio Gait\u00e1n Mart\u00edn<br \/>\nSeptiembre 23 de 1900. Benjam\u00edn Herrera P\u00e9rez<br \/>\nSeptiembre 16 de 1906. \u00c1ngel Mar\u00eda Corzo<br \/>\nSeptiembre 16 de 1912. Augusto Ram\u00edrez Villamizar (100 a\u00f1os)<br \/>\nSeptiembre 17 de 1921. Virgilio Barco Vargas<br \/>\nSeptiembre 17 de 1924. Eustorgio Colmenares Baptista<\/p>\n<p>C.\tFallecimientos<br \/>\nSeptiembre 24 de 1900. Roberto Irwin Vale<br \/>\nSeptiembre 4 de 1962. Jorge Escobar \u2018Manino\u2019 (60 a\u00f1os)<br \/>\nSeptiembre 13 de 1976. Azis Abrajim<br \/>\nSeptiembre 8 de 1977. \u00c1ngel Mar\u00eda Corzo<br \/>\nSeptiembre 27 de 1946. Andr\u00e9s B. Fern\u00e1ndez (Luz Norte)<br \/>\nTengo \u2018dudas\u2019 sobre la fecha de muerte de Le\u00f3n Colmenares<\/p>\n","protected":false},"excerpt":{"rendered":"<p>A. Efem\u00e9rides Hace 50 a\u00f1os: Septiembre de 1962&#8230; A. 1 de septiembre: El C\u00facuta Deportivo en su visita a Manizales, perdi\u00f3 4 \u2013 1. El gol motil\u00f3n fue conseguido por \u2018Tinta\u2019 Gonz\u00e1lez. B. 4 de septiembre: Falleci\u00f3 \u2018Manino\u2019 Escobar. El decreto 167 de 1962, honr\u00f3 su vida. C. 11 de septiembre: Con ocasi\u00f3n al 55 &hellip;<\/p>\n","protected":false},"author":1,"featured_media":13987,"comment_status":"open","ping_status":"open","sticky":false,"template":"","format":"standard","meta":{"footnotes":""},"categories":[403],"tags":[],"class_list":["post-13986","post","type-post","status-publish","format-standard","has-post-thumbnail","hentry","category-efemerides"],"_links":{"self":[{"href":"https:\/\/contraluzcucuta.co\/index.php?rest_route=\/wp\/v2\/posts\/13986","targetHints":{"allow":["GET"]}}],"collection":[{"href":"https:\/\/contraluzcucuta.co\/index.php?rest_route=\/wp\/v2\/posts"}],"about":[{"href":"https:\/\/contraluzcucuta.co\/index.php?rest_route=\/wp\/v2\/types\/post"}],"author":[{"embeddable":true,"href":"https:\/\/contraluzcucuta.co\/index.php?rest_route=\/wp\/v2\/users\/1"}],"replies":[{"embeddable":true,"href":"https:\/\/contraluzcucuta.co\/index.php?rest_route=%2Fwp%2Fv2%2Fcomments&post=13986"}],"version-history":[{"count":3,"href":"https:\/\/contraluzcucuta.co\/index.php?rest_route=\/wp\/v2\/posts\/13986\/revisions"}],"predecessor-version":[{"id":13990,"href":"https:\/\/contraluzcucuta.co\/index.php?rest_route=\/wp\/v2\/posts\/13986\/revisions\/13990"}],"wp:featuredmedia":[{"embeddable":true,"href":"https:\/\/contraluzcucuta.co\/index.php?rest_route=\/wp\/v2\/media\/13987"}],"wp:attachment":[{"href":"https:\/\/contraluzcucuta.co\/index.php?rest_route=%2Fwp%2Fv2%2Fmedia&parent=13986"}],"wp:term":[{"taxonomy":"category","embeddable":true,"href":"https:\/\/contraluzcucuta.co\/index.php?rest_route=%2Fwp%2Fv2%2Fcategories&post=13986"},{"taxonomy":"post_tag","embeddable":true,"href":"https:\/\/contraluzcucuta.co\/index.php?rest_route=%2Fwp%2Fv2%2Ftags&post=13986"}],"curies":[{"name":"wp","href":"https:\/\/api.w.org\/{rel}","templated":true}]}}