{"id":13977,"date":"2012-09-05T21:55:05","date_gmt":"2012-09-06T02:55:05","guid":{"rendered":"http:\/\/contraluzcucuta.co\/?p=13977"},"modified":"2012-09-06T06:38:59","modified_gmt":"2012-09-06T11:38:59","slug":"donamaris-no-entrara-en-el-arca-de-daniel-samper","status":"publish","type":"post","link":"https:\/\/contraluzcucuta.co\/?p=13977","title":{"rendered":"Donamaris no entrar\u00e1 en el arca de Daniel Samper"},"content":{"rendered":"<p><strong>C\u00daCUTA.-<\/strong> Largos minutos de humor pol\u00edtico vivieron los cucute\u00f1os que atendieron la invitaci\u00f3n al auditorio de la Universidad Francisco de Paula Santander para escuchar a Daniel Samper Ospina en la presentaci\u00f3n del libro \u2018S\u00e1lvese quien pueda\u2019.<\/p>\n<p>El escritor bogotano, heredero del periodismo ir\u00f3nico y sat\u00edrico, expuso con conocimiento de causa los hechos ocurridos en las \u00faltimas d\u00e9cadas en el pa\u00eds y que involucran a hombres y mujeres metidos en el \u00e1mbito pol\u00edtico.<\/p>\n<p>Tras el repaso de las figuras nacionales, casi al cierre de la exposici\u00f3n, les dedic\u00f3 unas l\u00edneas a los exponentes cucute\u00f1os de esa clase dominante en Colombia.<\/p>\n<p>La portada del libro es un arca, a manera de la nave construida y utilizada por\u00a0No\u00e9 para salvar del diluvio a las especies animales. Samper tuvo la libertad, como el personaje b\u00edblico, de escoger a qui\u00e9nes convidaba a pasar a la embarcaci\u00f3n. Otros, nadan en el mar para salvarse y a los dem\u00e1s no los convid\u00f3.<\/p>\n<p>Entre los que no llev\u00f3 al arca est\u00e1 el alcalde Donamaris Ram\u00edrez, \u201cporque no s\u00e9 a qu\u00e9 sexo pertenece\u201d. Se pregunt\u00f3 si acaso no se llama \u201cDo\u00f1a Amaris\u201d. Tampoco cree l\u00f3gico que alguien que se llame Amaris deba llevar el prefijo Don.<\/p>\n<p>Le record\u00f3 la grabaci\u00f3n que se conoci\u00f3 a principios de semana que lo involucra con el ofrecimiento de dinero a los concejales para que aprueben un proyecto de acuerdo. \u201cNo lo dejar\u00e9 subir al arca\u201d.<\/p>\n<p>Daniel Samper dej\u00f3 subir en la nave al senador Juan Fernando Cristo, por quien asegur\u00f3 que guarda especial afecto. El auditorio, incr\u00e9dulo de esa declaraci\u00f3n de cari\u00f1o, estall\u00f3 en risas. La admiraci\u00f3n se la guarda por haber tenido el coraje de poner a consideraci\u00f3n de los cucute\u00f1os la candidatura de su hermano Andr\u00e9s para la Alcald\u00eda.<\/p>\n<p>Tambi\u00e9n, trajo a colaci\u00f3n la alianza con Ramiro Su\u00e1rez, a quien llam\u00f3 \u201cel paramilitar\u201d, y en un perfecto juego de palabras y de semejanzas dijo que Cristo, ponente de la Ley de V\u00edctimas, se ali\u00f3 con el exalcalde para asegurarse de que la norma nacional tuviera clientela propia.<\/p>\n<p>En la tercera de las anotaciones sobre el senador, Samper Ospina afirm\u00f3 que le agrada el \u201ccoqueto acento franc\u00e9s\u201d de Cristo y lo compar\u00f3 con el tono de voz de la feminista Florence Thomas, columnista del matutino bogotano El Tiempo.<\/p>\n<p>La otra alusi\u00f3n a los pol\u00edticos nortesantandereanos recay\u00f3 sobre el expresidente del Congreso, Juan Manuel Corzo. \u201cMe declar\u00e9 corsario\u201d. Acompa\u00f1\u00f3 el comentario con una caricatura del senador conservador con dos galones de gasolina en las manos. \u201cNadie mejor que Corzo para dirigir una sesi\u00f3n ordinaria\u201d.<\/p>\n<p>La exposici\u00f3n hilarante de Daniel Samper Ospina dej\u00f3 satisfechos a los asistentes, porque alguien venido de la capital de la rep\u00fablica les dijo de frente lo que en la ciudad se escucha en los pasillos. \u201cNo dej\u00f3 t\u00edtere con cabeza\u201d, concluy\u00f3 un satisfecho espectador.<\/p>\n<p><strong>RAFAEL ANTONIO PAB\u00d3N<\/strong><\/p>\n<p><a href=\"mailto:rafaelpabon58@hotmail.com\">rafaelpabon58@hotmail.com<\/a><\/p>\n<p>&nbsp; <\/p>\n","protected":false},"excerpt":{"rendered":"<p>C\u00daCUTA.- Largos minutos de humor pol\u00edtico vivieron los cucute\u00f1os que atendieron la invitaci\u00f3n al auditorio de la Universidad Francisco de Paula Santander para escuchar a Daniel Samper Ospina en la presentaci\u00f3n del libro \u2018S\u00e1lvese quien pueda\u2019. El escritor bogotano, heredero del periodismo ir\u00f3nico y sat\u00edrico, expuso con conocimiento de causa los hechos ocurridos en las &hellip;<\/p>\n","protected":false},"author":1,"featured_media":13978,"comment_status":"open","ping_status":"open","sticky":false,"template":"","format":"standard","meta":{"footnotes":""},"categories":[4,9],"tags":[446,176],"class_list":["post-13977","post","type-post","status-publish","format-standard","has-post-thumbnail","hentry","category-barra","category-politica","tag-daniel-samper-ospina","tag-donamaris-ramirez"],"_links":{"self":[{"href":"https:\/\/contraluzcucuta.co\/index.php?rest_route=\/wp\/v2\/posts\/13977","targetHints":{"allow":["GET"]}}],"collection":[{"href":"https:\/\/contraluzcucuta.co\/index.php?rest_route=\/wp\/v2\/posts"}],"about":[{"href":"https:\/\/contraluzcucuta.co\/index.php?rest_route=\/wp\/v2\/types\/post"}],"author":[{"embeddable":true,"href":"https:\/\/contraluzcucuta.co\/index.php?rest_route=\/wp\/v2\/users\/1"}],"replies":[{"embeddable":true,"href":"https:\/\/contraluzcucuta.co\/index.php?rest_route=%2Fwp%2Fv2%2Fcomments&post=13977"}],"version-history":[{"count":3,"href":"https:\/\/contraluzcucuta.co\/index.php?rest_route=\/wp\/v2\/posts\/13977\/revisions"}],"predecessor-version":[{"id":13985,"href":"https:\/\/contraluzcucuta.co\/index.php?rest_route=\/wp\/v2\/posts\/13977\/revisions\/13985"}],"wp:featuredmedia":[{"embeddable":true,"href":"https:\/\/contraluzcucuta.co\/index.php?rest_route=\/wp\/v2\/media\/13978"}],"wp:attachment":[{"href":"https:\/\/contraluzcucuta.co\/index.php?rest_route=%2Fwp%2Fv2%2Fmedia&parent=13977"}],"wp:term":[{"taxonomy":"category","embeddable":true,"href":"https:\/\/contraluzcucuta.co\/index.php?rest_route=%2Fwp%2Fv2%2Fcategories&post=13977"},{"taxonomy":"post_tag","embeddable":true,"href":"https:\/\/contraluzcucuta.co\/index.php?rest_route=%2Fwp%2Fv2%2Ftags&post=13977"}],"curies":[{"name":"wp","href":"https:\/\/api.w.org\/{rel}","templated":true}]}}