{"id":13969,"date":"2012-09-04T22:50:36","date_gmt":"2012-09-05T03:50:36","guid":{"rendered":"http:\/\/contraluzcucuta.co\/?p=13969"},"modified":"2012-09-04T22:50:36","modified_gmt":"2012-09-05T03:50:36","slug":"bandas-de-paz-marcharan-en-bochalema","status":"publish","type":"post","link":"https:\/\/contraluzcucuta.co\/?p=13969","title":{"rendered":"Bandas de paz marchar\u00e1n en Bochalema"},"content":{"rendered":"<p><strong>BOCHALEMA.-<\/strong> La primera muestra de bandas de paz del departamento ser\u00e1 el homenaje de Bochalema al maestro Jos\u00e9 Rozo Contreras, arreglista del himno nacional y compositor del himno de Norte de Santander. La actividad cultural se unir\u00e1 a la fiesta de la patrona, la Virgen de la Cueva Santa, el 8 de septiembre.<\/p>\n<p>Ocho agrupaciones de C\u00facuta, Pamplona y los municipios aleda\u00f1os participar\u00e1n en lo que ser\u00e1 el punto de partida para el festival departamental en los pr\u00f3ximos a\u00f1os.\u00a0 \u201cLa idea es que en los a\u00f1os venideros sea un concurso avalado por el Ministerio de Cultura\u201d, dijo el alcalde Douglas Sep\u00falveda.<\/p>\n<p>Luego del desfile por las principales calles bochalemenses, cada banda presentar\u00e1 los esquemas preparados para deleitar al p\u00fablico. El acto se cumplir\u00e1 en el estadio Jorge Eli\u00e9cer Gait\u00e1n.<\/p>\n<p>La intenci\u00f3n del gobierno local es promocionar el turismo y al municipio como remanso de paz. \u201cEstar\u00e1n las mejores bandas del departamento. Es un proyecto que queremos presentar ante el Ministerio para que se institucionalice como muestra cultural de Norte de Santander\u201d, dijo Sep\u00falveda.<\/p>\n<p>En el futuro se espera la presencia de 20 bandas o una de cada municipio (40). La coordinaci\u00f3n est\u00e1 a cargo de la oficina de Cultura Municipal, en cabeza de Jaime Uribe.<\/p>\n<p>El municipio est\u00e1 preparado para recibir a los visitantes. Entre los pobladores hay entusiasmo, porque hace tiempo no se viv\u00eda ese ambiente. La administraci\u00f3n local ha pintado las principales edificaciones. \u201cLo estamos poniendo bonito, porque ese d\u00eda llega mucho turista\u201d, afirm\u00f3 el Alcalde.<\/p>\n<p>El homenaje al maestro Jos\u00e9 Rozo Contreras ser\u00e1 la vitrina cultural para hacer realidad lo contemplado en el Plan de Desarrollo y para que se cumpla el lema de \u2018Bochalema, para\u00edso tur\u00edstico\u2019.<\/p>\n<p>La programaci\u00f3n de la celebraci\u00f3n de la festividad de la Virgen de la Cueva Santa y del primer encuentro regional de bandas de paz es la siguiente:<\/p>\n<p><strong>7 de septiembre<\/strong><\/p>\n<p>6:00 p.m. Acto Cultural. Noche de faroles<\/p>\n<p>7:00 p.m. Historia de la advocaci\u00f3n de la Virgen y relato de la adoraci\u00f3n en el municipio<\/p>\n<p>8:00 p.m. Serenata a la Virgen de la Cueva Santa<\/p>\n<p><strong>8 de septiembre:<\/strong><\/p>\n<p>8.00 a.m. Apertura de la muestra promocional tur\u00edstica y cultural del municipio, en el parque Olaya Herrera<\/p>\n<p>9:00 a.m. Misa principal celebrada por monse\u00f1or Luis Madrid Merlano, autoridades municipales y comunidad.<\/p>\n<p>10: a.m. \u2013 Procesi\u00f3n y desfile de bandas de paz por las principales calles del municipio<\/p>\n<p>2:00 p.m. Presentaci\u00f3n de esquemas de las bandas de paz en el estadio Jorge Eli\u00e9cer Gait\u00e1n<\/p>\n<p>5:00 -7:00 p.m. Acto cultural de las escuelas de formaci\u00f3n de la Casa de la Cultura Jos\u00e9 Rozo Contreras.<\/p>\n<p>&nbsp; <\/p>\n","protected":false},"excerpt":{"rendered":"<p>BOCHALEMA.- La primera muestra de bandas de paz del departamento ser\u00e1 el homenaje de Bochalema al maestro Jos\u00e9 Rozo Contreras, arreglista del himno nacional y compositor del himno de Norte de Santander. La actividad cultural se unir\u00e1 a la fiesta de la patrona, la Virgen de la Cueva Santa, el 8 de septiembre. Ocho agrupaciones &hellip;<\/p>\n","protected":false},"author":1,"featured_media":13970,"comment_status":"open","ping_status":"open","sticky":false,"template":"","format":"standard","meta":{"footnotes":""},"categories":[7,4],"tags":[444,443],"class_list":["post-13969","post","type-post","status-publish","format-standard","has-post-thumbnail","hentry","category-acontecimientos","category-barra","tag-bochalema","tag-douglas-sepulveda"],"_links":{"self":[{"href":"https:\/\/contraluzcucuta.co\/index.php?rest_route=\/wp\/v2\/posts\/13969","targetHints":{"allow":["GET"]}}],"collection":[{"href":"https:\/\/contraluzcucuta.co\/index.php?rest_route=\/wp\/v2\/posts"}],"about":[{"href":"https:\/\/contraluzcucuta.co\/index.php?rest_route=\/wp\/v2\/types\/post"}],"author":[{"embeddable":true,"href":"https:\/\/contraluzcucuta.co\/index.php?rest_route=\/wp\/v2\/users\/1"}],"replies":[{"embeddable":true,"href":"https:\/\/contraluzcucuta.co\/index.php?rest_route=%2Fwp%2Fv2%2Fcomments&post=13969"}],"version-history":[{"count":2,"href":"https:\/\/contraluzcucuta.co\/index.php?rest_route=\/wp\/v2\/posts\/13969\/revisions"}],"predecessor-version":[{"id":13972,"href":"https:\/\/contraluzcucuta.co\/index.php?rest_route=\/wp\/v2\/posts\/13969\/revisions\/13972"}],"wp:featuredmedia":[{"embeddable":true,"href":"https:\/\/contraluzcucuta.co\/index.php?rest_route=\/wp\/v2\/media\/13970"}],"wp:attachment":[{"href":"https:\/\/contraluzcucuta.co\/index.php?rest_route=%2Fwp%2Fv2%2Fmedia&parent=13969"}],"wp:term":[{"taxonomy":"category","embeddable":true,"href":"https:\/\/contraluzcucuta.co\/index.php?rest_route=%2Fwp%2Fv2%2Fcategories&post=13969"},{"taxonomy":"post_tag","embeddable":true,"href":"https:\/\/contraluzcucuta.co\/index.php?rest_route=%2Fwp%2Fv2%2Ftags&post=13969"}],"curies":[{"name":"wp","href":"https:\/\/api.w.org\/{rel}","templated":true}]}}