{"id":13965,"date":"2012-09-04T22:46:48","date_gmt":"2012-09-05T03:46:48","guid":{"rendered":"http:\/\/contraluzcucuta.co\/?p=13965"},"modified":"2012-09-04T22:46:48","modified_gmt":"2012-09-05T03:46:48","slug":"cucuta-busca-avanzar-en-copa-colombia","status":"publish","type":"post","link":"https:\/\/contraluzcucuta.co\/?p=13965","title":{"rendered":"C\u00facuta busca avanzar en Copa Colombia"},"content":{"rendered":"<p><strong>C\u00daCUTA.-<\/strong> El C\u00facuta Deportivo quiere desquitarse en este semestre de la mala presentaci\u00f3n del torneo pasado. En el segundo campeonato del a\u00f1o ha conseguido excelentes resultados y marcha en los puestos de vanguardia, con 11 puntos.<\/p>\n<p>A\u00a0 pesar del descalabro contra Equidad (1-3), los motilones viajaron a Medell\u00edn y alcanzaron un punto contra Nacional y en la \u00faltima presentaci\u00f3n apabullaron a Once Caldas (4-1) para consolidarse entre los ocho elegidos para la fiesta de diciembre.<\/p>\n<p>El once rojinegro, tambi\u00e9n, cumple eficiente papel en la Copa Colombia y hoy, a las 3:30 de la tarde en el estadio Santiago de las Atalayas, recibir\u00e1 a Chic\u00f3 F.C. Este es el primero de los dos partidos de la tercera fase.<\/p>\n<p>El profesor Oscar H\u00e9ctor Quintabani convoc\u00f3 a los siguientes jugadores:<\/p>\n<p><strong>Arqueros:<\/strong> Luis Estacio y Jos\u00e9 escobar<\/p>\n<p><strong>Defensas:<\/strong> Carlos Saa, Juan Camilo Angulo, Edwin Del Castillo, Mauricio Duarte, Dami\u00e1n Malrechauffe y John Lozano.<\/p>\n<p><strong>Volantes:<\/strong> Henry Palacio, Javier Valencia, Emanuel Molina, Carlos Caicedo y Mateo Figoli.<\/p>\n<p><strong>Delanteros:<\/strong> Henry Hern\u00e1ndez, Eduardo Sarabia y V\u00edctor Uribe.<\/p>\n<p>&nbsp; <\/p>\n","protected":false},"excerpt":{"rendered":"<p>C\u00daCUTA.- El C\u00facuta Deportivo quiere desquitarse en este semestre de la mala presentaci\u00f3n del torneo pasado. En el segundo campeonato del a\u00f1o ha conseguido excelentes resultados y marcha en los puestos de vanguardia, con 11 puntos. A\u00a0 pesar del descalabro contra Equidad (1-3), los motilones viajaron a Medell\u00edn y alcanzaron un punto contra Nacional y &hellip;<\/p>\n","protected":false},"author":1,"featured_media":13966,"comment_status":"open","ping_status":"open","sticky":false,"template":"","format":"standard","meta":{"footnotes":""},"categories":[28],"tags":[192],"class_list":["post-13965","post","type-post","status-publish","format-standard","has-post-thumbnail","hentry","category-vistazo-deportivo","tag-cucuta-deportivo"],"_links":{"self":[{"href":"https:\/\/contraluzcucuta.co\/index.php?rest_route=\/wp\/v2\/posts\/13965","targetHints":{"allow":["GET"]}}],"collection":[{"href":"https:\/\/contraluzcucuta.co\/index.php?rest_route=\/wp\/v2\/posts"}],"about":[{"href":"https:\/\/contraluzcucuta.co\/index.php?rest_route=\/wp\/v2\/types\/post"}],"author":[{"embeddable":true,"href":"https:\/\/contraluzcucuta.co\/index.php?rest_route=\/wp\/v2\/users\/1"}],"replies":[{"embeddable":true,"href":"https:\/\/contraluzcucuta.co\/index.php?rest_route=%2Fwp%2Fv2%2Fcomments&post=13965"}],"version-history":[{"count":2,"href":"https:\/\/contraluzcucuta.co\/index.php?rest_route=\/wp\/v2\/posts\/13965\/revisions"}],"predecessor-version":[{"id":13968,"href":"https:\/\/contraluzcucuta.co\/index.php?rest_route=\/wp\/v2\/posts\/13965\/revisions\/13968"}],"wp:featuredmedia":[{"embeddable":true,"href":"https:\/\/contraluzcucuta.co\/index.php?rest_route=\/wp\/v2\/media\/13966"}],"wp:attachment":[{"href":"https:\/\/contraluzcucuta.co\/index.php?rest_route=%2Fwp%2Fv2%2Fmedia&parent=13965"}],"wp:term":[{"taxonomy":"category","embeddable":true,"href":"https:\/\/contraluzcucuta.co\/index.php?rest_route=%2Fwp%2Fv2%2Fcategories&post=13965"},{"taxonomy":"post_tag","embeddable":true,"href":"https:\/\/contraluzcucuta.co\/index.php?rest_route=%2Fwp%2Fv2%2Ftags&post=13965"}],"curies":[{"name":"wp","href":"https:\/\/api.w.org\/{rel}","templated":true}]}}