{"id":13906,"date":"2012-09-02T16:22:01","date_gmt":"2012-09-02T21:22:01","guid":{"rendered":"http:\/\/contraluzcucuta.co\/?p=13906"},"modified":"2012-09-02T16:22:01","modified_gmt":"2012-09-02T21:22:01","slug":"gobierno-rechazo-al-msbcolombia-como-mediador-en-proceso-de-paz","status":"publish","type":"post","link":"https:\/\/contraluzcucuta.co\/?p=13906","title":{"rendered":"Gobierno rechaz\u00f3 al MSBColombia como mediador en proceso de paz"},"content":{"rendered":"<p><strong>C\u00daCUTA.-<\/strong> La oficina del Alto Comisionado de Paz rechaz\u00f3 el ofrecimiento del Movimiento Socialista Bolivariano \u2013 Colombia para ser mediador entre el Gobierno y la guerrilla para alcanzar la paz nacional.<\/p>\n<p>David Corredor, vocero del MSB, el 9 de noviembre del 2011, se ofreci\u00f3 como mediador para buscar acercamientos con los actores del conflicto. \u201cPor el momento el gobierno nacional no se encuentra vinculando a organizaciones o miembros de la sociedad civil como interlocutores o representantes autorizados para adelantar acercamientos o di\u00e1logos con los grupos armados organizados al margen de la ley\u201d, le respondieron desde Bogot\u00e1.<\/p>\n<p>El Movimiento contest\u00f3 con carta abierta al presidente Juan Manuel Santos, y le se\u00f1al\u00f3 lo siguiente:<\/p>\n<p><strong>1.-<\/strong> La Paz es un bien necesario de origen constitucional y de urgente aplicaci\u00f3n en Colombia.<\/p>\n<p><strong>2.-<\/strong> No pudo ser m\u00e1s oportuna la petici\u00f3n del Movimiento Comunero Socialista Bolivariano MSBColombia, en ser instrumento \u00fatil para buscar acercamientos con los actores del conflicto, justo cuando se confirma el acuerdo firmado entre el gobierno colombiano y las Farc en Cuba.<\/p>\n<p><strong>3.<\/strong><strong>&#8211;<\/strong> Manifestamos la inmensa alegr\u00eda que nos embarga el que se haya abierto la puerta de la esperanza para un acuerdo de paz en Colombia.<\/p>\n<p><strong>4.-<\/strong> Saludamos con alborozo a todos aquellos que d\u00eda a d\u00eda ofrendan su vida por la soluci\u00f3n al conflicto armado que vergonzosamente nos desangra.<\/p>\n<p><strong>5.-<\/strong> Felicitamos al Gobierno y a las Farc por el paso dado y los animamos a no desfallecer hasta la firma de la paz definitiva.<\/p>\n<p>\u201cEn consideraci\u00f3n al eventual inicio de los di\u00e1logos, solicitamos al presidente Santos nos conceda la oportunidad de participar tomando en cuenta que el MSBColombia desde su fundaci\u00f3n, el 27 de septiembre de 2007, se concibi\u00f3 bajo la premisa de ser una propuesta de Paz para Colombia\u201d, escribi\u00f3 Corredor.<\/p>\n<p>El MSBColombia propuso que se incluyan en las bases del acuerdo las reformas pol\u00edtica y electoral, y la Asamblea Nacional Constituyente, como tratado que selle la paz entre los colombianos.<\/p>\n<p>David Corredor plante\u00f3 abrir la \u2018Sala por la paz de Colombia\u2019, en la que se desarrollen conferencias, estudios, seminarios, talleres, propuestas, actos culturales y exposiciones.<\/p>\n<p>&nbsp;<\/p>\n<p>&nbsp; <\/p>\n","protected":false},"excerpt":{"rendered":"<p>C\u00daCUTA.- La oficina del Alto Comisionado de Paz rechaz\u00f3 el ofrecimiento del Movimiento Socialista Bolivariano \u2013 Colombia para ser mediador entre el Gobierno y la guerrilla para alcanzar la paz nacional. David Corredor, vocero del MSB, el 9 de noviembre del 2011, se ofreci\u00f3 como mediador para buscar acercamientos con los actores del conflicto. \u201cPor &hellip;<\/p>\n","protected":false},"author":1,"featured_media":13907,"comment_status":"open","ping_status":"open","sticky":false,"template":"","format":"standard","meta":{"footnotes":""},"categories":[4,9],"tags":[432,433],"class_list":["post-13906","post","type-post","status-publish","format-standard","has-post-thumbnail","hentry","category-barra","category-politica","tag-david-corredor-cuellar","tag-msbcolombia"],"_links":{"self":[{"href":"https:\/\/contraluzcucuta.co\/index.php?rest_route=\/wp\/v2\/posts\/13906","targetHints":{"allow":["GET"]}}],"collection":[{"href":"https:\/\/contraluzcucuta.co\/index.php?rest_route=\/wp\/v2\/posts"}],"about":[{"href":"https:\/\/contraluzcucuta.co\/index.php?rest_route=\/wp\/v2\/types\/post"}],"author":[{"embeddable":true,"href":"https:\/\/contraluzcucuta.co\/index.php?rest_route=\/wp\/v2\/users\/1"}],"replies":[{"embeddable":true,"href":"https:\/\/contraluzcucuta.co\/index.php?rest_route=%2Fwp%2Fv2%2Fcomments&post=13906"}],"version-history":[{"count":2,"href":"https:\/\/contraluzcucuta.co\/index.php?rest_route=\/wp\/v2\/posts\/13906\/revisions"}],"predecessor-version":[{"id":13909,"href":"https:\/\/contraluzcucuta.co\/index.php?rest_route=\/wp\/v2\/posts\/13906\/revisions\/13909"}],"wp:featuredmedia":[{"embeddable":true,"href":"https:\/\/contraluzcucuta.co\/index.php?rest_route=\/wp\/v2\/media\/13907"}],"wp:attachment":[{"href":"https:\/\/contraluzcucuta.co\/index.php?rest_route=%2Fwp%2Fv2%2Fmedia&parent=13906"}],"wp:term":[{"taxonomy":"category","embeddable":true,"href":"https:\/\/contraluzcucuta.co\/index.php?rest_route=%2Fwp%2Fv2%2Fcategories&post=13906"},{"taxonomy":"post_tag","embeddable":true,"href":"https:\/\/contraluzcucuta.co\/index.php?rest_route=%2Fwp%2Fv2%2Ftags&post=13906"}],"curies":[{"name":"wp","href":"https:\/\/api.w.org\/{rel}","templated":true}]}}