{"id":13897,"date":"2012-09-02T15:40:03","date_gmt":"2012-09-02T20:40:03","guid":{"rendered":"http:\/\/contraluzcucuta.co\/?p=13897"},"modified":"2012-09-02T15:40:03","modified_gmt":"2012-09-02T20:40:03","slug":"alcaldes-se-unen-para-reconstruccion-de-gramalote","status":"publish","type":"post","link":"https:\/\/contraluzcucuta.co\/?p=13897","title":{"rendered":"Alcaldes se unen para reconstrucci\u00f3n de Gramalote"},"content":{"rendered":"<p><strong>GRAMALOTE.-<\/strong> Alcaldes de Norte de Santander se mostraron amigables con Gramalote y propusieron la\u00a0 creaci\u00f3n del Fondo de Solidaridad para la reconstrucci\u00f3n del municipio.<\/p>\n<p>La ayuda consistir\u00e1 en aportar ideas, donar recursos y prestar maquinaria para adelantar los trabajos en el lugar que se escoja para levantar el nuevo pueblo. Los gobernantes municipales consultar\u00e1n con las entidades fiscales para prevenir futuros problemas. La Asamblea y congresistas se unieron al deseo de apoyar.<\/p>\n<p>El compromiso lo asumieron en la segunda cumbre de alcaldes que se cumpli\u00f3, el fin de semana, en Gramalote. El casco urbano del municipio fue destruido por la naturaleza, el 17 de diciembre de 2010. Desde entonces se busca devolverles los hogares a los gramaloteros.<\/p>\n<p>Para llevar a cabo la uni\u00f3n y concretar lo acordado pedir\u00e1n cita con el presidente Juan Manuel Santos, el ministro de vivienda Germ\u00e1n Vargas \u00a0Lleras y el Fondo de Adaptaci\u00f3n.<\/p>\n<p>Cristian Alberto Buitrago, delegado del Gobernador, dijo que \u201cjuntos vamos a construir a Gramalote. Esto es un trabajo de los nortesantandereanos y vamos a seguir el proceso para que este municipio se reconstruya\u201d.<\/p>\n<p>Carlos Rodr\u00edguez, coordinador Regional de la Construcci\u00f3n de Gramalote,\u00a0 indic\u00f3 que hay que esperar los estudios de mitigaci\u00f3n de riesgo para saber cu\u00e1nto demora y cu\u00e1nto cuesta reconstruir el casco urbano en la zona que se designe.<\/p>\n<p>Para la escogencia del sitio se estudian varios componentes en el proceso y, adem\u00e1s de los resultados de la evaluaci\u00f3n del Servicio Geol\u00f3gico Colombiano y la Sociedad Colombiana de Geotecnia, se eval\u00faan el recurso h\u00eddrico, el impacto ambiental, la accesibilidad vial y la vinculaci\u00f3n con otros municipios y veredas.<\/p>\n<p>Sonia Rodr\u00edguez, alcaldesa de Gramalote, dio a conocer los resultados y los compromisos adquiridos en la esta cumbre.<\/p>\n<p><strong>1.<\/strong>\u00a0\u00a0\u00a0\u00a0\u00a0\u00a0\u00a0 Organizar la tercera Cumbre de Alcaldes en Bogot\u00e1 para exponer la posici\u00f3n ante el Gobierno.<\/p>\n<p><strong>2.<\/strong>\u00a0\u00a0\u00a0\u00a0\u00a0\u00a0\u00a0 Socializar y hacer p\u00fablica la cuenta de ahorros que tiene el municipio para el Fondo de Solidaridad con Gramalote.<\/p>\n<p><strong>3.<\/strong>\u00a0\u00a0\u00a0\u00a0\u00a0\u00a0\u00a0 Revisar los asuntos jur\u00eddicos y normativos para el apoyo de los municipios en el t\u00e9rmino de incorporaci\u00f3n de recursos en el presupuesto del 2013 para el Fondo de Gramalote, refuerzo o intercambio de maquinar\u00eda entre municipios y la posibilidad de presentar el proyecto regional con recursos de regal\u00edas.<\/p>\n<p><strong>4.<\/strong>\u00a0\u00a0\u00a0\u00a0\u00a0\u00a0\u00a0 Revisar el tema t\u00e9cnico desde lo local, el costo de v\u00edas y la planificaci\u00f3n del territorio.<\/p>\n<p>&nbsp; <\/p>\n","protected":false},"excerpt":{"rendered":"<p>GRAMALOTE.- Alcaldes de Norte de Santander se mostraron amigables con Gramalote y propusieron la\u00a0 creaci\u00f3n del Fondo de Solidaridad para la reconstrucci\u00f3n del municipio. La ayuda consistir\u00e1 en aportar ideas, donar recursos y prestar maquinaria para adelantar los trabajos en el lugar que se escoja para levantar el nuevo pueblo. Los gobernantes municipales consultar\u00e1n con &hellip;<\/p>\n","protected":false},"author":1,"featured_media":13898,"comment_status":"open","ping_status":"open","sticky":false,"template":"","format":"standard","meta":{"footnotes":""},"categories":[32],"tags":[13],"class_list":["post-13897","post","type-post","status-publish","format-standard","has-post-thumbnail","hentry","category-recorrido-por-la-region","tag-gramalote"],"_links":{"self":[{"href":"https:\/\/contraluzcucuta.co\/index.php?rest_route=\/wp\/v2\/posts\/13897","targetHints":{"allow":["GET"]}}],"collection":[{"href":"https:\/\/contraluzcucuta.co\/index.php?rest_route=\/wp\/v2\/posts"}],"about":[{"href":"https:\/\/contraluzcucuta.co\/index.php?rest_route=\/wp\/v2\/types\/post"}],"author":[{"embeddable":true,"href":"https:\/\/contraluzcucuta.co\/index.php?rest_route=\/wp\/v2\/users\/1"}],"replies":[{"embeddable":true,"href":"https:\/\/contraluzcucuta.co\/index.php?rest_route=%2Fwp%2Fv2%2Fcomments&post=13897"}],"version-history":[{"count":3,"href":"https:\/\/contraluzcucuta.co\/index.php?rest_route=\/wp\/v2\/posts\/13897\/revisions"}],"predecessor-version":[{"id":13901,"href":"https:\/\/contraluzcucuta.co\/index.php?rest_route=\/wp\/v2\/posts\/13897\/revisions\/13901"}],"wp:featuredmedia":[{"embeddable":true,"href":"https:\/\/contraluzcucuta.co\/index.php?rest_route=\/wp\/v2\/media\/13898"}],"wp:attachment":[{"href":"https:\/\/contraluzcucuta.co\/index.php?rest_route=%2Fwp%2Fv2%2Fmedia&parent=13897"}],"wp:term":[{"taxonomy":"category","embeddable":true,"href":"https:\/\/contraluzcucuta.co\/index.php?rest_route=%2Fwp%2Fv2%2Fcategories&post=13897"},{"taxonomy":"post_tag","embeddable":true,"href":"https:\/\/contraluzcucuta.co\/index.php?rest_route=%2Fwp%2Fv2%2Ftags&post=13897"}],"curies":[{"name":"wp","href":"https:\/\/api.w.org\/{rel}","templated":true}]}}