{"id":13885,"date":"2012-08-31T21:24:15","date_gmt":"2012-09-01T02:24:15","guid":{"rendered":"http:\/\/contraluzcucuta.co\/?p=13885"},"modified":"2012-08-31T21:24:15","modified_gmt":"2012-09-01T02:24:15","slug":"10-000-productores-recibiran-3500-millones-en-tres-anos","status":"publish","type":"post","link":"https:\/\/contraluzcucuta.co\/?p=13885","title":{"rendered":"10.000 productores recibir\u00e1n $3500 millones en tres a\u00f1os"},"content":{"rendered":"<p><strong>C\u00daCUTA.-<\/strong> Diez mil productores de 12 municipios podr\u00e1n recibir hasta $3500 millones del programa Desarrollo Rural con Equidad, que impulsan el Ministerio de Agricultura y la Gobernaci\u00f3n de Norte de Santander.<\/p>\n<p>Cada beneficiario recibir\u00e1 $350.000 como incentivo para adelantar los proyectos. El objetivo del programa es mejorar la competitividad de la producci\u00f3n agropecuaria y reducir la desigualdad rural en la regi\u00f3n.<\/p>\n<p>La convocatoria de asistencia agropecuaria, que terminar\u00e1 el 3 de septiembre, busca ejecutar los planes generales en los municipios escogidos. La iniciativa se mantendr\u00e9\u00a0 en los pr\u00f3ximos tres a\u00f1os.<\/p>\n<p>Los municipios que no fueron vinculados\u00a0 a la convocatoria deben prepararse y tener listos los planes para que en el 2013 se facilite el acceso a los beneficios y a los incentivos del programa Desarrollo Rural con Equidad.<\/p>\n<p>&nbsp;<\/p>\n<p>&nbsp; <\/p>\n","protected":false},"excerpt":{"rendered":"<p>C\u00daCUTA.- Diez mil productores de 12 municipios podr\u00e1n recibir hasta $3500 millones del programa Desarrollo Rural con Equidad, que impulsan el Ministerio de Agricultura y la Gobernaci\u00f3n de Norte de Santander. Cada beneficiario recibir\u00e1 $350.000 como incentivo para adelantar los proyectos. El objetivo del programa es mejorar la competitividad de la producci\u00f3n agropecuaria y reducir &hellip;<\/p>\n","protected":false},"author":1,"featured_media":13886,"comment_status":"open","ping_status":"open","sticky":false,"template":"","format":"standard","meta":{"footnotes":""},"categories":[32],"tags":[428],"class_list":["post-13885","post","type-post","status-publish","format-standard","has-post-thumbnail","hentry","category-recorrido-por-la-region","tag-productores-de-norte-de-santander"],"_links":{"self":[{"href":"https:\/\/contraluzcucuta.co\/index.php?rest_route=\/wp\/v2\/posts\/13885","targetHints":{"allow":["GET"]}}],"collection":[{"href":"https:\/\/contraluzcucuta.co\/index.php?rest_route=\/wp\/v2\/posts"}],"about":[{"href":"https:\/\/contraluzcucuta.co\/index.php?rest_route=\/wp\/v2\/types\/post"}],"author":[{"embeddable":true,"href":"https:\/\/contraluzcucuta.co\/index.php?rest_route=\/wp\/v2\/users\/1"}],"replies":[{"embeddable":true,"href":"https:\/\/contraluzcucuta.co\/index.php?rest_route=%2Fwp%2Fv2%2Fcomments&post=13885"}],"version-history":[{"count":2,"href":"https:\/\/contraluzcucuta.co\/index.php?rest_route=\/wp\/v2\/posts\/13885\/revisions"}],"predecessor-version":[{"id":13888,"href":"https:\/\/contraluzcucuta.co\/index.php?rest_route=\/wp\/v2\/posts\/13885\/revisions\/13888"}],"wp:featuredmedia":[{"embeddable":true,"href":"https:\/\/contraluzcucuta.co\/index.php?rest_route=\/wp\/v2\/media\/13886"}],"wp:attachment":[{"href":"https:\/\/contraluzcucuta.co\/index.php?rest_route=%2Fwp%2Fv2%2Fmedia&parent=13885"}],"wp:term":[{"taxonomy":"category","embeddable":true,"href":"https:\/\/contraluzcucuta.co\/index.php?rest_route=%2Fwp%2Fv2%2Fcategories&post=13885"},{"taxonomy":"post_tag","embeddable":true,"href":"https:\/\/contraluzcucuta.co\/index.php?rest_route=%2Fwp%2Fv2%2Ftags&post=13885"}],"curies":[{"name":"wp","href":"https:\/\/api.w.org\/{rel}","templated":true}]}}