{"id":13877,"date":"2012-08-31T20:47:28","date_gmt":"2012-09-01T01:47:28","guid":{"rendered":"http:\/\/contraluzcucuta.co\/?p=13877"},"modified":"2012-08-31T20:47:28","modified_gmt":"2012-09-01T01:47:28","slug":"cucuta-deportivo-va-con-la-cabeza-en-alto-contra-caldas","status":"publish","type":"post","link":"https:\/\/contraluzcucuta.co\/?p=13877","title":{"rendered":"C\u00facuta Deportivo va con la cabeza en alto contra Caldas"},"content":{"rendered":"<p><strong>C\u00daCUTA.-<\/strong> Un once motil\u00f3n euf\u00f3rico, con los \u00e1nimos renovados y la alegr\u00eda a flor de piel recibe esta tarde al Once Caldas, en el estadio Santiago de las Atalayas, en Yopal (Casanare). El empate en Medell\u00edn, contra Atl\u00e9tico Nacional, devolvi\u00f3 la fe al grupo y a los aficionados en C\u00facuta.<\/p>\n<p>El golazo de Emanuel Molina, de media distancia, resuena en la mente de los hinchas rojinegros que ten\u00edan la cabeza gacha por la goleada (1-3) contra la Equidad. Las ilusiones se prendieron de nuevo y la esperanza \u00a0renaci\u00f3 con el punto conseguido en la capital de la monta\u00f1a.<\/p>\n<p>Para el partido de esta tarde, a las 3:15, correspondiente a la s\u00e9ptima fecha del segundo torneo del f\u00fatbol profesional colombiano de este a\u00f1o, el profesor Oscar H\u00e9ctor Quintabani convoc\u00f3 a 18 jugadores.<\/p>\n<p>En el grupo aparece el defensa vallecaucano Carlos Saa, en remplazo del uruguayo Dami\u00e1n Malrechauffe. El charr\u00faa descansa por acumulaci\u00f3n de tarjetas amarillas. Tampoco estar\u00e1 el capit\u00e1n cucute\u00f1o Edwin Del Castillo. En cambio, regresan el lateral izquierdo Mauricio Duarte y el mediocampista Henry Palacio. Adem\u00e1s, fue concentrado el volante Javier Valencia.<\/p>\n<p>La n\u00f3mina es la siguiente:<\/p>\n<p><strong>Arqueros<\/strong>: Luis Estacio y Jos\u00e9 escobar<\/p>\n<p><strong>Defensas:<\/strong> Edwin Rivas, Carlos Saa, Mauricio Duarte, Juan Camilo Angulo y John Lozano.<\/p>\n<p><strong>Volantes<\/strong>: Dayron P\u00e9rez, Henry Palacio, Javier Valencia, Emanuel Molina, Sebasti\u00e1n Botero, Carlos Caicedo, Jairo Pati\u00f1o, Javier Fl\u00f3rez y Mateo Figoli.<\/p>\n<p><strong>Delanteros:<\/strong> V\u00edctor Uribe y Henry Hern\u00e1ndez.<\/p>\n<p>&nbsp; <\/p>\n","protected":false},"excerpt":{"rendered":"<p>C\u00daCUTA.- Un once motil\u00f3n euf\u00f3rico, con los \u00e1nimos renovados y la alegr\u00eda a flor de piel recibe esta tarde al Once Caldas, en el estadio Santiago de las Atalayas, en Yopal (Casanare). El empate en Medell\u00edn, contra Atl\u00e9tico Nacional, devolvi\u00f3 la fe al grupo y a los aficionados en C\u00facuta. El golazo de Emanuel Molina, &hellip;<\/p>\n","protected":false},"author":1,"featured_media":13878,"comment_status":"open","ping_status":"open","sticky":false,"template":"","format":"standard","meta":{"footnotes":""},"categories":[28],"tags":[192,343],"class_list":["post-13877","post","type-post","status-publish","format-standard","has-post-thumbnail","hentry","category-vistazo-deportivo","tag-cucuta-deportivo","tag-yopal"],"_links":{"self":[{"href":"https:\/\/contraluzcucuta.co\/index.php?rest_route=\/wp\/v2\/posts\/13877","targetHints":{"allow":["GET"]}}],"collection":[{"href":"https:\/\/contraluzcucuta.co\/index.php?rest_route=\/wp\/v2\/posts"}],"about":[{"href":"https:\/\/contraluzcucuta.co\/index.php?rest_route=\/wp\/v2\/types\/post"}],"author":[{"embeddable":true,"href":"https:\/\/contraluzcucuta.co\/index.php?rest_route=\/wp\/v2\/users\/1"}],"replies":[{"embeddable":true,"href":"https:\/\/contraluzcucuta.co\/index.php?rest_route=%2Fwp%2Fv2%2Fcomments&post=13877"}],"version-history":[{"count":2,"href":"https:\/\/contraluzcucuta.co\/index.php?rest_route=\/wp\/v2\/posts\/13877\/revisions"}],"predecessor-version":[{"id":13880,"href":"https:\/\/contraluzcucuta.co\/index.php?rest_route=\/wp\/v2\/posts\/13877\/revisions\/13880"}],"wp:featuredmedia":[{"embeddable":true,"href":"https:\/\/contraluzcucuta.co\/index.php?rest_route=\/wp\/v2\/media\/13878"}],"wp:attachment":[{"href":"https:\/\/contraluzcucuta.co\/index.php?rest_route=%2Fwp%2Fv2%2Fmedia&parent=13877"}],"wp:term":[{"taxonomy":"category","embeddable":true,"href":"https:\/\/contraluzcucuta.co\/index.php?rest_route=%2Fwp%2Fv2%2Fcategories&post=13877"},{"taxonomy":"post_tag","embeddable":true,"href":"https:\/\/contraluzcucuta.co\/index.php?rest_route=%2Fwp%2Fv2%2Ftags&post=13877"}],"curies":[{"name":"wp","href":"https:\/\/api.w.org\/{rel}","templated":true}]}}