{"id":13821,"date":"2012-08-29T00:25:27","date_gmt":"2012-08-29T05:25:27","guid":{"rendered":"http:\/\/contraluzcucuta.co\/?p=13821"},"modified":"2012-08-29T00:26:51","modified_gmt":"2012-08-29T05:26:51","slug":"canyfronno-respalda-negociacion-con-la-zona-franca","status":"publish","type":"post","link":"https:\/\/contraluzcucuta.co\/?p=13821","title":{"rendered":"Canyfronno respalda negociaci\u00f3n con la Zona Franca"},"content":{"rendered":"<p><strong>C\u00daCUTA.-<\/strong>Definitivamente, lospresidentesejecutivo de la C\u00e1mara de Comercio de C\u00facuta, Jos\u00e9 Miguel Gonz\u00e1lez, y el de la Comisi\u00f3n de Competitividad, Carlos Luna, en una gesti\u00f3n aislada-gremial y regionalmente- ycompletamente contrariaal verdadero inter\u00e9s y prop\u00f3sito de sacar a la Zona Franca de C\u00facuta adelante, mediante una pretendida y directa negociaci\u00f3n con el Gobierno,han preferido intentar sacar a la Zona Franca de Bogot\u00e1, como ente operador, sin explicar el porqu\u00e9, ni precisar fundamentos &#8211; para ubicar y otorgarle primac\u00eda a la Zona Franca de Barranquilla, en un acto descort\u00e9s y fuera de toda l\u00f3gica, porque la Zona Franca de Bogot\u00e1, perfectamente puede seguir prestando sus servicios, mientras se conforma y aprueba un operador regional y se concierta un Plan de Acci\u00f3n con el Ejecutivo y no solo para dar mayor aliento a la Zona Franca de C\u00facuta, sino para un plan de impulso al desarrollo industrial y tecnol\u00f3gico y de mejoramiento infraestructural vial y de servicios, que a gritos pide y exigeesta esquina de la rep\u00fablica.<\/p>\n<p>\u00bfPor qu\u00e9? Porque lo importante y b\u00e1sico, ahora, no es la venta de los terrenos, sino el manejo y la representatividad de la identidad y el sentido de pertenencia regional, utilizando bienun mecanismo de asistencia internacional.<\/p>\n<p>El embeleco de vender los terrenos, despu\u00e9s de los ins\u00f3litos e incre\u00edbles fraccionamientos que se dieron a los mismos y por quienes nadie podr\u00eda imaginar que fueran, advierte una vez m\u00e1s el obrar inconsulto y de desconocimiento de nuestra dirigencia, sobre lo que en verdad debe hacerse, en una zona de tanta importancia e implicaciones socioecon\u00f3micas y geopol\u00edticas, como la nuestra. Y, en especial, por todo lo que se debe dimensionar y tener en cuenta, dadas las caracter\u00edsticas, condiciones y perspectivas existentes.<\/p>\n<p>La Corporaci\u00f3n Acci\u00f3n Nortesantandereana y Fronteriza (Canyfron)no respalda, ni est\u00e1 de acuerdo con semejantes actitudes y por el contrario, solicita respetuosamente al Gobierno &#8211; y consecuencialmente a los gobiernos departamental y municipal &#8211; que no obren apresuradamente y que eval\u00faen y comprendan que la regi\u00f3n y la frontera requieren que a sugente se le tenga en cuentaen el manejo de lo que sienten suyo \u2013 y m\u00e1s en una emergencia, marginalidad y dependencia como la que experimenta y cuando lo procedente es apuntalar el esfuerzo y opciones regionales y fronterizas &#8211; para que renazca y se fortalezca la orientaci\u00f3n y conducci\u00f3n hacia el progreso.<\/p>\n<p>Adem\u00e1s, hasta la fecha, el Ministerio de Comercio Exteriorno ha entregado a la Administradora de los Bienes del Estado (Cisa) lo que queda de los terrenos de la primigenia Zona Franca de C\u00facuta, adquiridos por el Gobiernono para hacer negocio con ellos, sino para otorgarle a C\u00facuta, a la regi\u00f3n y a la frontera, el apoyo y el respaldo necesarios, mediante un instrumento de comercio exterior, que la ayude a proyectar sus especiales condiciones y efectuar la trasformaci\u00f3n de las ventas al por menor y los procesos de cambio monetario, a la configuraci\u00f3n de los movimientos de importaci\u00f3n y exportaci\u00f3n, con visi\u00f3n y realismo internacional.<\/p>\n<p><strong>JOSE NEIRA REY<\/strong><\/p>\n<p><a href=\"mailto:jneirarey@hotmail.com\">jneirarey@hotmail.com<\/a><\/p>\n<p>&nbsp; <\/p>\n","protected":false},"excerpt":{"rendered":"<p>C\u00daCUTA.-Definitivamente, lospresidentesejecutivo de la C\u00e1mara de Comercio de C\u00facuta, Jos\u00e9 Miguel Gonz\u00e1lez, y el de la Comisi\u00f3n de Competitividad, Carlos Luna, en una gesti\u00f3n aislada-gremial y regionalmente- ycompletamente contrariaal verdadero inter\u00e9s y prop\u00f3sito de sacar a la Zona Franca de C\u00facuta adelante, mediante una pretendida y directa negociaci\u00f3n con el Gobierno,han preferido intentar sacar a &hellip;<\/p>\n","protected":false},"author":1,"featured_media":13822,"comment_status":"open","ping_status":"open","sticky":false,"template":"","format":"standard","meta":{"footnotes":""},"categories":[6],"tags":[],"class_list":["post-13821","post","type-post","status-publish","format-standard","has-post-thumbnail","hentry","category-ojo-avizor"],"_links":{"self":[{"href":"https:\/\/contraluzcucuta.co\/index.php?rest_route=\/wp\/v2\/posts\/13821","targetHints":{"allow":["GET"]}}],"collection":[{"href":"https:\/\/contraluzcucuta.co\/index.php?rest_route=\/wp\/v2\/posts"}],"about":[{"href":"https:\/\/contraluzcucuta.co\/index.php?rest_route=\/wp\/v2\/types\/post"}],"author":[{"embeddable":true,"href":"https:\/\/contraluzcucuta.co\/index.php?rest_route=\/wp\/v2\/users\/1"}],"replies":[{"embeddable":true,"href":"https:\/\/contraluzcucuta.co\/index.php?rest_route=%2Fwp%2Fv2%2Fcomments&post=13821"}],"version-history":[{"count":3,"href":"https:\/\/contraluzcucuta.co\/index.php?rest_route=\/wp\/v2\/posts\/13821\/revisions"}],"predecessor-version":[{"id":13824,"href":"https:\/\/contraluzcucuta.co\/index.php?rest_route=\/wp\/v2\/posts\/13821\/revisions\/13824"}],"wp:featuredmedia":[{"embeddable":true,"href":"https:\/\/contraluzcucuta.co\/index.php?rest_route=\/wp\/v2\/media\/13822"}],"wp:attachment":[{"href":"https:\/\/contraluzcucuta.co\/index.php?rest_route=%2Fwp%2Fv2%2Fmedia&parent=13821"}],"wp:term":[{"taxonomy":"category","embeddable":true,"href":"https:\/\/contraluzcucuta.co\/index.php?rest_route=%2Fwp%2Fv2%2Fcategories&post=13821"},{"taxonomy":"post_tag","embeddable":true,"href":"https:\/\/contraluzcucuta.co\/index.php?rest_route=%2Fwp%2Fv2%2Ftags&post=13821"}],"curies":[{"name":"wp","href":"https:\/\/api.w.org\/{rel}","templated":true}]}}