{"id":13815,"date":"2012-08-29T00:16:23","date_gmt":"2012-08-29T05:16:23","guid":{"rendered":"http:\/\/contraluzcucuta.co\/?p=13815"},"modified":"2012-08-29T05:47:34","modified_gmt":"2012-08-29T10:47:34","slug":"en-11-anos-solo-se-han-denunciado-52-casos-de-ninos-llevados-a-la-guerra","status":"publish","type":"post","link":"https:\/\/contraluzcucuta.co\/?p=13815","title":{"rendered":"Denunciados solo 52 casos de ni\u00f1os llevados a la guerra"},"content":{"rendered":"<p><strong>C\u00daCUTA.-<\/strong> Desde el 2001, en Norte de Santander solo se han conocido 52 casos de ni\u00f1os reclutados por los grupos irregulares para llevarlos a la guerra. Bienestar Familiar no reporta otras cifras, por falta de informaci\u00f3n familiar.<\/p>\n<p>Los casos denunciados \u00a0corresponden en el departamento a un porcentaje reducido. Los dem\u00e1s, se desconocen y son cobijados por el silencio de los n\u00facleos familiares, que por amenaza y temor prefieren no denunciar.<\/p>\n<p>Las afirmaciones se entregaron en el foro sobre reclutamiento forzado \u2018Basta de diagn\u00f3sticos, basta de estudios, actuemos\u2019, organizado por el Ej\u00e9rcito y la Secretar\u00eda de Gobierno.<\/p>\n<p>Detr\u00e1s de ese delitohayfactores que promueven el desarrollo y destacan:<\/p>\n<p><strong>1.-<\/strong> Condiciones socio econ\u00f3micas de las familias<\/p>\n<p><strong>2.-<\/strong> Maltrato intrafamiliar<\/p>\n<p><strong>3.-<\/strong> Aumento de la violencia en el pa\u00eds.<\/p>\n<p>Las autoridades judiciales no tienen claridad acerca de las cifras, por lo que la Gobernaci\u00f3nha articulado un proceso de trabajo en esta materia. En el Plan de Desarrollo 2012 \u2013 2015 est\u00e1 incluido el subprograma \u2018Prevenci\u00f3n del reclutamiento y utilizaci\u00f3n de infantes y adolescentes por grupos armados ilegales\u2019.<\/p>\n<p>Norte de Santandertrabajacontra esta violaci\u00f3n de los derechos humanos en los siguientes aspectos:<\/p>\n<p><strong>1.-<\/strong> Asesoramiento a los municipios para la garant\u00eda de derechos<\/p>\n<p><strong>2.-<\/strong> Creaci\u00f3n de la ruta de prevenci\u00f3n del reclutamiento forzado<\/p>\n<p><strong>3.-<\/strong> Capacitaci\u00f3n de funcionarios en los marcos normativos de la protecci\u00f3n y la atenci\u00f3n\u00a0 de v\u00edctimas<\/p>\n<p><strong>4.-<\/strong> Impulso a la participaci\u00f3n de los ni\u00f1os en espacios de decisi\u00f3n de la pol\u00edtica frente este delito.<\/p>\n<p>En la actividad, cumplida este 28 de agosto, el gobernador Edgar D\u00edaz dijo que las Farc y el Eln son los actores de la guerra fratricida que vive el pa\u00eds y los principales violadores de los derechos de los ni\u00f1os.<\/p>\n<p>Al celebrar la posibilidad de volver a los di\u00e1logos de paz con la guerrilla indic\u00f3 que \u201choy, m\u00e1s que ayer, festejo la decisi\u00f3n del Gobierno de iniciar un proceso de paz\u201d.<\/p>\n<p>Afirm\u00f3 que los encuentrosson un paso para detener el enfrentamiento que ha dejado muchas v\u00edctimas, especialmente, menores de edad, utilizados por los grupos subversivos y las bandas emergentes.<\/p>\n<p>En medio del optimismo confi\u00f3 en que la nueva oportunidad que les da el Gobiernode abrirles la puerta al di\u00e1logo y la concertaci\u00f3n socialpuede ser el punto de partida para acabar con el reclutamiento de ni\u00f1os y adolescentes.<\/p>\n<p>\u201cEs necesario un nuevo Conpes de prevenci\u00f3n de reclutamiento, como el firmado en el 2010\u201d,agreg\u00f3. A ese documento, seg\u00fan el Gobernador,debe agregarse la\u00a0 articulaci\u00f3n de planes de acci\u00f3n de entidades nacionales para identificar causas y factores de riesgo que facilitan el reclutamiento.De esa manera se pondr\u00e1n sobre la mesa los aspectosdram\u00e1ticos de la guerra, que no respeta edad.<\/p>\n<p>&nbsp; <\/p>\n","protected":false},"excerpt":{"rendered":"<p>C\u00daCUTA.- Desde el 2001, en Norte de Santander solo se han conocido 52 casos de ni\u00f1os reclutados por los grupos irregulares para llevarlos a la guerra. Bienestar Familiar no reporta otras cifras, por falta de informaci\u00f3n familiar. Los casos denunciados \u00a0corresponden en el departamento a un porcentaje reducido. Los dem\u00e1s, se desconocen y son cobijados &hellip;<\/p>\n","protected":false},"author":1,"featured_media":13816,"comment_status":"open","ping_status":"open","sticky":false,"template":"","format":"standard","meta":{"footnotes":""},"categories":[10,4],"tags":[],"class_list":["post-13815","post","type-post","status-publish","format-standard","has-post-thumbnail","hentry","category-cronicas","category-barra"],"_links":{"self":[{"href":"https:\/\/contraluzcucuta.co\/index.php?rest_route=\/wp\/v2\/posts\/13815","targetHints":{"allow":["GET"]}}],"collection":[{"href":"https:\/\/contraluzcucuta.co\/index.php?rest_route=\/wp\/v2\/posts"}],"about":[{"href":"https:\/\/contraluzcucuta.co\/index.php?rest_route=\/wp\/v2\/types\/post"}],"author":[{"embeddable":true,"href":"https:\/\/contraluzcucuta.co\/index.php?rest_route=\/wp\/v2\/users\/1"}],"replies":[{"embeddable":true,"href":"https:\/\/contraluzcucuta.co\/index.php?rest_route=%2Fwp%2Fv2%2Fcomments&post=13815"}],"version-history":[{"count":5,"href":"https:\/\/contraluzcucuta.co\/index.php?rest_route=\/wp\/v2\/posts\/13815\/revisions"}],"predecessor-version":[{"id":13819,"href":"https:\/\/contraluzcucuta.co\/index.php?rest_route=\/wp\/v2\/posts\/13815\/revisions\/13819"}],"wp:featuredmedia":[{"embeddable":true,"href":"https:\/\/contraluzcucuta.co\/index.php?rest_route=\/wp\/v2\/media\/13816"}],"wp:attachment":[{"href":"https:\/\/contraluzcucuta.co\/index.php?rest_route=%2Fwp%2Fv2%2Fmedia&parent=13815"}],"wp:term":[{"taxonomy":"category","embeddable":true,"href":"https:\/\/contraluzcucuta.co\/index.php?rest_route=%2Fwp%2Fv2%2Fcategories&post=13815"},{"taxonomy":"post_tag","embeddable":true,"href":"https:\/\/contraluzcucuta.co\/index.php?rest_route=%2Fwp%2Fv2%2Ftags&post=13815"}],"curies":[{"name":"wp","href":"https:\/\/api.w.org\/{rel}","templated":true}]}}