{"id":13810,"date":"2012-08-29T00:10:52","date_gmt":"2012-08-29T05:10:52","guid":{"rendered":"http:\/\/contraluzcucuta.co\/?p=13810"},"modified":"2012-08-29T00:11:12","modified_gmt":"2012-08-29T05:11:12","slug":"suspendido-desalojo-en-san-gerardo","status":"publish","type":"post","link":"https:\/\/contraluzcucuta.co\/?p=13810","title":{"rendered":"Suspendido desalojo en San Gerardo"},"content":{"rendered":"<div>\n<p><strong>C\u00daCUTA.-<\/strong>El acato a una tutela impidi\u00f3 la demolici\u00f3n de 400 viviendas construidas en zona de alto riesgo, en inmediaciones de la Penitenciar\u00eda Nacional. La Alcald\u00eda organiz\u00f3 el desalojo con participaci\u00f3n de funcionarios de las secretar\u00edas de Gobierno, Planeaci\u00f3n y Metrovivienda, inspectores y agentes de la Polic\u00eda, y uniformados del Escuadr\u00f3n M\u00f3vil Antidisturbios (Esmad).<\/p>\n<p>Las familias asentadas en San Gerardo tomaron el terreno sin prever los riesgos y convirtieron el lugar en zona de invasi\u00f3n. La administraci\u00f3n municipal, en la tarea de recuperaci\u00f3n del espacio p\u00fablico, orden\u00f3 la evacuaci\u00f3n.<\/p>\n<p>Semanas atr\u00e1s se cumpli\u00f3 una actividad similar en la ronda del r\u00edo Pamplonita. El desalojo en esa oportunidad comprometi\u00f3 a 27 familias de &#8216;Brisas de Niza&#8217;.<\/p>\n<p>\u201cNo vamos a permitir que avivados sigan lucr\u00e1ndose, invadiendo y vendiendo terrenos que no les pertenecen\u201d, sentenci\u00f3 el secretario de gobierno David Castillo. La Alcald\u00eda continuar\u00e1 con los procesos de recuperaci\u00f3n del espacio p\u00fablico para evitar la propagaci\u00f3n de asentamientos que violan la normatividad.<\/p>\n<p>Para derribar las casas, construidas en madera y zinc, se requiere maquinaria pesada. La nueva diligencia se llevar\u00e1 a cabo cuando el propietario interponga la acci\u00f3n jur\u00eddica para la recuperaci\u00f3n del terreno.<\/p>\n<p>&nbsp;<\/p>\n<\/div>\n<p>&nbsp;<\/p>\n<p>&nbsp;<\/p>\n<p>&nbsp; <\/p>\n","protected":false},"excerpt":{"rendered":"<p>C\u00daCUTA.-El acato a una tutela impidi\u00f3 la demolici\u00f3n de 400 viviendas construidas en zona de alto riesgo, en inmediaciones de la Penitenciar\u00eda Nacional. La Alcald\u00eda organiz\u00f3 el desalojo con participaci\u00f3n de funcionarios de las secretar\u00edas de Gobierno, Planeaci\u00f3n y Metrovivienda, inspectores y agentes de la Polic\u00eda, y uniformados del Escuadr\u00f3n M\u00f3vil Antidisturbios (Esmad). Las familias &hellip;<\/p>\n","protected":false},"author":1,"featured_media":13811,"comment_status":"open","ping_status":"open","sticky":false,"template":"","format":"standard","meta":{"footnotes":""},"categories":[36],"tags":[],"class_list":["post-13810","post","type-post","status-publish","format-standard","has-post-thumbnail","hentry","category-la-voz-del-pueblo"],"_links":{"self":[{"href":"https:\/\/contraluzcucuta.co\/index.php?rest_route=\/wp\/v2\/posts\/13810","targetHints":{"allow":["GET"]}}],"collection":[{"href":"https:\/\/contraluzcucuta.co\/index.php?rest_route=\/wp\/v2\/posts"}],"about":[{"href":"https:\/\/contraluzcucuta.co\/index.php?rest_route=\/wp\/v2\/types\/post"}],"author":[{"embeddable":true,"href":"https:\/\/contraluzcucuta.co\/index.php?rest_route=\/wp\/v2\/users\/1"}],"replies":[{"embeddable":true,"href":"https:\/\/contraluzcucuta.co\/index.php?rest_route=%2Fwp%2Fv2%2Fcomments&post=13810"}],"version-history":[{"count":3,"href":"https:\/\/contraluzcucuta.co\/index.php?rest_route=\/wp\/v2\/posts\/13810\/revisions"}],"predecessor-version":[{"id":13814,"href":"https:\/\/contraluzcucuta.co\/index.php?rest_route=\/wp\/v2\/posts\/13810\/revisions\/13814"}],"wp:featuredmedia":[{"embeddable":true,"href":"https:\/\/contraluzcucuta.co\/index.php?rest_route=\/wp\/v2\/media\/13811"}],"wp:attachment":[{"href":"https:\/\/contraluzcucuta.co\/index.php?rest_route=%2Fwp%2Fv2%2Fmedia&parent=13810"}],"wp:term":[{"taxonomy":"category","embeddable":true,"href":"https:\/\/contraluzcucuta.co\/index.php?rest_route=%2Fwp%2Fv2%2Fcategories&post=13810"},{"taxonomy":"post_tag","embeddable":true,"href":"https:\/\/contraluzcucuta.co\/index.php?rest_route=%2Fwp%2Fv2%2Ftags&post=13810"}],"curies":[{"name":"wp","href":"https:\/\/api.w.org\/{rel}","templated":true}]}}